{"id":31983,"date":"2025-04-22T22:13:50","date_gmt":"2025-04-23T04:13:50","guid":{"rendered":"https:\/\/viajamagazine.com\/?p=31983"},"modified":"2025-04-23T04:13:52","modified_gmt":"2025-04-23T04:13:52","slug":"china-expresa-pesame-por-deceso-de-papa-francisco","status":"publish","type":"post","link":"https:\/\/viajamagazine.com\/?p=31983","title":{"rendered":"China expresa p\u00e9same por deceso de papa Francisco"},"content":{"rendered":"<p>BEIJING, 22 abr (Xinhua) &#8212; China expres\u00f3 su p\u00e9same por el fallecimiento del papa Francisco, indic\u00f3 hoy un portavoz del Ministerio de Relaciones Exteriores de China. En los \u00faltimos a\u00f1os, China y el Vaticano han mantenido un compromiso constructivo y han entablado intercambios \u00fatiles, dijo el portavoz Guo Jiakun en la conferencia de prensa diaria. \u00abChina est\u00e1 lista para trabajar con el Vaticano por un constante mejoramiento de los lazos China-El Vaticano\u00bb, dijo Guo. Cuando respondi\u00f3 una pregunta sobre los llamados \u00ablazos con Taiwan\u00bb de El Vaticano, Guo destac\u00f3 que Taiwan es una parte inalienable del territorio de China y que el Gobierno de la Rep\u00fablica Popular China es el \u00fanico Gobierno legal que representa a toda China. \u00abCada vez m\u00e1s pa\u00edses han llegado a reconocer y acatar el principio de una sola China. Esperamos que los pa\u00edses pertinentes vean hacia donde se inclina la historia y regresen a la v\u00eda correcta de defensa del principio de una sola China\u00bb, dijo Guo. El papa Francisco, el pont\u00edfice n\u00famero 266 de la Iglesia cat\u00f3lica romana, muri\u00f3 el lunes a los 88 a\u00f1os de edad. Fin<\/p>\n","protected":false},"excerpt":{"rendered":"<p>BEIJING, 22 abr (Xinhua) &#8212; China expres\u00f3 su p\u00e9same por el fallecimiento del papa Francisco,&#8230;<\/p>\n","protected":false},"author":1,"featured_media":0,"comment_status":"open","ping_status":"closed","sticky":false,"template":"","format":"standard","meta":{"footnotes":""},"categories":[2],"tags":[],"class_list":["post-31983","post","type-post","status-publish","format-standard","hentry","category-internacional"],"_links":{"self":[{"href":"https:\/\/viajamagazine.com\/index.php?rest_route=\/wp\/v2\/posts\/31983","targetHints":{"allow":["GET"]}}],"collection":[{"href":"https:\/\/viajamagazine.com\/index.php?rest_route=\/wp\/v2\/posts"}],"about":[{"href":"https:\/\/viajamagazine.com\/index.php?rest_route=\/wp\/v2\/types\/post"}],"author":[{"embeddable":true,"href":"https:\/\/viajamagazine.com\/index.php?rest_route=\/wp\/v2\/users\/1"}],"replies":[{"embeddable":true,"href":"https:\/\/viajamagazine.com\/index.php?rest_route=%2Fwp%2Fv2%2Fcomments&post=31983"}],"version-history":[{"count":1,"href":"https:\/\/viajamagazine.com\/index.php?rest_route=\/wp\/v2\/posts\/31983\/revisions"}],"predecessor-version":[{"id":31984,"href":"https:\/\/viajamagazine.com\/index.php?rest_route=\/wp\/v2\/posts\/31983\/revisions\/31984"}],"wp:attachment":[{"href":"https:\/\/viajamagazine.com\/index.php?rest_route=%2Fwp%2Fv2%2Fmedia&parent=31983"}],"wp:term":[{"taxonomy":"category","embeddable":true,"href":"https:\/\/viajamagazine.com\/index.php?rest_route=%2Fwp%2Fv2%2Fcategories&post=31983"},{"taxonomy":"post_tag","embeddable":true,"href":"https:\/\/viajamagazine.com\/index.php?rest_route=%2Fwp%2Fv2%2Ftags&post=31983"}],"curies":[{"name":"wp","href":"https:\/\/api.w.org\/{rel}","templated":true}]}}