{"id":31981,"date":"2025-04-22T22:13:31","date_gmt":"2025-04-23T04:13:31","guid":{"rendered":"https:\/\/viajamagazine.com\/?p=31981"},"modified":"2025-04-23T04:13:32","modified_gmt":"2025-04-23T04:13:32","slug":"ampliacion-canciller-chino-espera-que-nuevo-gobierno-austriaco-continue-politica-amistosa-hacia-china","status":"publish","type":"post","link":"https:\/\/viajamagazine.com\/?p=31981","title":{"rendered":"Ampliaci\u00f3n: Canciller chino espera que nuevo Gobierno austriaco contin\u00fae pol\u00edtica amistosa hacia China"},"content":{"rendered":"<div class=\"el-scrollbar__wrap\">\n<div class=\"el-scrollbar__view\">\n<div class=\"news-content\" data-v-1eda797c=\"\">BEIJING, 22 abr (Xinhua) &#8212; El ministro de Relaciones Exteriores chino, Wang Yi, expres\u00f3 hoy martes la esperanza de que el nuevo Gobierno austriaco contin\u00fae aplicando una pol\u00edtica amistosa hacia China, promueva las relaciones bilaterales para abordar conjuntamente los actuales desaf\u00edos globales y desempe\u00f1e un papel constructivo en la paz y el desarrollo internacionales. Wang, tambi\u00e9n miembro del Bur\u00f3 Pol\u00edtico del Comit\u00e9 Central del Partido Comunista de China, dijo lo anterior en una conversaci\u00f3n telef\u00f3nica con la ministra de Relaciones Exteriores de Austria, Beate Meinl-Reisinger, solicitada por esta \u00faltima. Al indicar que Austria tiene un profundo patrimonio hist\u00f3rico y una pol\u00edtica exterior madura y estable, Wang se\u00f1al\u00f3 que las relaciones entre China y Austria han mantenido un s\u00f3lido desarrollo, y ambas partes defienden coherentemente su asociaci\u00f3n, dan prioridad a la cooperaci\u00f3n, se adhieren al respeto mutuo y buscan coincidencias al mismo tiempo que dejan de lado sus diferencias. China est\u00e1 dispuesta a profundizar a\u00fan m\u00e1s los intercambios de alto nivel con la Uni\u00f3n Europea (UE), consolidar la base de la confianza mutua y gestionar apropiadamente las diferencias, dijo Wang, quien pidi\u00f3 a las dos partes aprovechar el 50\u00b0 aniversario de las relaciones diplom\u00e1ticas entre China y la UE como una oportunidad para reunir la experiencia \u00fatil y dar inicio conjuntamente a los pr\u00f3ximos 50 a\u00f1os de \u00e9xito. Dijo que espera que Austria siga desempe\u00f1ando un papel positivo en este proceso. Estados Unidos ha estado imponiendo arbitrariamente aranceles a otros pa\u00edses, socavando gravemente las normas y el orden del comercio internacional, dijo Wang, y calific\u00f3 a estas acciones como t\u00edpicos actos de unilateralismo, proteccionismo e intimidaci\u00f3n econ\u00f3mica. China, como un gran pa\u00eds responsable, continuar\u00e1 defendiendo con firmeza el sistema internacional con la Organizaci\u00f3n de las Naciones Unidas (ONU) como n\u00facleo, salvaguardando el orden internacional basado en el derecho internacional y compartiendo las oportunidades de desarrollo con el mundo a trav\u00e9s de la apertura de alto nivel, afirm\u00f3 Wang. Como dos importantes pilares y mercados de la econom\u00eda mundial, China y la UE deben asumir responsabilidades internacionales, proteger conjuntamente el sistema multilateral de comercio y trabajar juntos para construir una econom\u00eda mundial abierta, a\u00f1adi\u00f3 Wang. Por su parte, Meinl-Reisinger mencion\u00f3 que China es un socio importante para Austria en Asia, con una cooperaci\u00f3n fruct\u00edfera y prometedora en \u00e1reas como econom\u00eda, comercio y turismo. Al indicar los profundos cambios en el actual panorama internacional, Meinl-Reisinger dijo que Austria valora y busca profundizar sus s\u00f3lidas relaciones con China en los niveles bilateral y multilateral. El nuevo Gobierno austriaco se adhiere a la pol\u00edtica de una sola China y mantendr\u00e1 continuidad en su pol\u00edtica hacia China. Como este a\u00f1o se cumple el 50\u00b0 aniversario de las relaciones diplom\u00e1ticas entre la UE y China, Meinl-Reisinger dijo que la UE busca mejorar la cooperaci\u00f3n econ\u00f3mica y comercial con China, mantener el desarrollo estable y constructivo de las relaciones entre la UE y China, y hacer frente conjuntamente a los desaf\u00edos globales. La UE permanecer\u00e1 unida en la salvaguardia de sus propios intereses y del sistema multilateral de comercio, agreg\u00f3. Fin<\/div>\n<\/div>\n<\/div>\n<div class=\"el-scrollbar__bar is-horizontal\"><\/div>\n","protected":false},"excerpt":{"rendered":"<p>BEIJING, 22 abr (Xinhua) &#8212; El ministro de Relaciones Exteriores chino, Wang Yi, expres\u00f3 hoy&#8230;<\/p>\n","protected":false},"author":1,"featured_media":0,"comment_status":"open","ping_status":"closed","sticky":false,"template":"","format":"standard","meta":{"footnotes":""},"categories":[2],"tags":[],"class_list":["post-31981","post","type-post","status-publish","format-standard","hentry","category-internacional"],"_links":{"self":[{"href":"https:\/\/viajamagazine.com\/index.php?rest_route=\/wp\/v2\/posts\/31981","targetHints":{"allow":["GET"]}}],"collection":[{"href":"https:\/\/viajamagazine.com\/index.php?rest_route=\/wp\/v2\/posts"}],"about":[{"href":"https:\/\/viajamagazine.com\/index.php?rest_route=\/wp\/v2\/types\/post"}],"author":[{"embeddable":true,"href":"https:\/\/viajamagazine.com\/index.php?rest_route=\/wp\/v2\/users\/1"}],"replies":[{"embeddable":true,"href":"https:\/\/viajamagazine.com\/index.php?rest_route=%2Fwp%2Fv2%2Fcomments&post=31981"}],"version-history":[{"count":1,"href":"https:\/\/viajamagazine.com\/index.php?rest_route=\/wp\/v2\/posts\/31981\/revisions"}],"predecessor-version":[{"id":31982,"href":"https:\/\/viajamagazine.com\/index.php?rest_route=\/wp\/v2\/posts\/31981\/revisions\/31982"}],"wp:attachment":[{"href":"https:\/\/viajamagazine.com\/index.php?rest_route=%2Fwp%2Fv2%2Fmedia&parent=31981"}],"wp:term":[{"taxonomy":"category","embeddable":true,"href":"https:\/\/viajamagazine.com\/index.php?rest_route=%2Fwp%2Fv2%2Fcategories&post=31981"},{"taxonomy":"post_tag","embeddable":true,"href":"https:\/\/viajamagazine.com\/index.php?rest_route=%2Fwp%2Fv2%2Ftags&post=31981"}],"curies":[{"name":"wp","href":"https:\/\/api.w.org\/{rel}","templated":true}]}}