{"id":31884,"date":"2025-04-21T14:50:29","date_gmt":"2025-04-21T20:50:29","guid":{"rendered":"https:\/\/viajamagazine.com\/?p=31884"},"modified":"2025-04-22T14:46:10","modified_gmt":"2025-04-22T14:46:10","slug":"afganistan-kabul-pakistan-conversaciones","status":"publish","type":"post","link":"https:\/\/viajamagazine.com\/?p=31884","title":{"rendered":"AFGANISTAN-KABUL-PAKISTAN-CONVERSACIONES"},"content":{"rendered":"<div class=\"el-scrollbar__wrap\">\n<div class=\"el-scrollbar__view\">\n<div class=\"news-content\" data-v-1eda797c=\"\">(250420) &#8212; KABUL, 20 abril, 2025 (Xinhua) &#8212; Imagen del 19 de abril de 2025 del ministro en funciones de Relaciones Exteriores del Gobierno interino afgano, Mawlawi Amir Khan Muttaqi (d), sosteniendo conversaciones con el vice primer ministro y ministro de Asuntos Exteriores de Pakist\u00e1n, Ishaq Dar, en Kabul, Afganist\u00e1n. El ministro en funciones de Relaciones Exteriores del Gobierno interino afgano, Mawlawi Amir Khan Muttaqi, sostuvo conversaciones con el vice primer ministro y ministro de Asuntos Exteriores de Pakist\u00e1n, Ishaq Dar, el s\u00e1bado en Kabul, seg\u00fan inform\u00f3 el ministerio en un comunicado. (Xinhua\/Zahir khan) (oa) (ah)<\/div>\n<\/div>\n<\/div>\n<div class=\"el-scrollbar__bar is-horizontal\"><\/div>\n","protected":false},"excerpt":{"rendered":"<p>(250420) &#8212; KABUL, 20 abril, 2025 (Xinhua) &#8212; Imagen del 19 de abril de 2025&#8230;<\/p>\n","protected":false},"author":1,"featured_media":31886,"comment_status":"open","ping_status":"closed","sticky":false,"template":"","format":"standard","meta":{"footnotes":""},"categories":[2],"tags":[],"class_list":["post-31884","post","type-post","status-publish","format-standard","has-post-thumbnail","hentry","category-internacional"],"_links":{"self":[{"href":"https:\/\/viajamagazine.com\/index.php?rest_route=\/wp\/v2\/posts\/31884","targetHints":{"allow":["GET"]}}],"collection":[{"href":"https:\/\/viajamagazine.com\/index.php?rest_route=\/wp\/v2\/posts"}],"about":[{"href":"https:\/\/viajamagazine.com\/index.php?rest_route=\/wp\/v2\/types\/post"}],"author":[{"embeddable":true,"href":"https:\/\/viajamagazine.com\/index.php?rest_route=\/wp\/v2\/users\/1"}],"replies":[{"embeddable":true,"href":"https:\/\/viajamagazine.com\/index.php?rest_route=%2Fwp%2Fv2%2Fcomments&post=31884"}],"version-history":[{"count":1,"href":"https:\/\/viajamagazine.com\/index.php?rest_route=\/wp\/v2\/posts\/31884\/revisions"}],"predecessor-version":[{"id":31885,"href":"https:\/\/viajamagazine.com\/index.php?rest_route=\/wp\/v2\/posts\/31884\/revisions\/31885"}],"wp:featuredmedia":[{"embeddable":true,"href":"https:\/\/viajamagazine.com\/index.php?rest_route=\/wp\/v2\/media\/31886"}],"wp:attachment":[{"href":"https:\/\/viajamagazine.com\/index.php?rest_route=%2Fwp%2Fv2%2Fmedia&parent=31884"}],"wp:term":[{"taxonomy":"category","embeddable":true,"href":"https:\/\/viajamagazine.com\/index.php?rest_route=%2Fwp%2Fv2%2Fcategories&post=31884"},{"taxonomy":"post_tag","embeddable":true,"href":"https:\/\/viajamagazine.com\/index.php?rest_route=%2Fwp%2Fv2%2Ftags&post=31884"}],"curies":[{"name":"wp","href":"https:\/\/api.w.org\/{rel}","templated":true}]}}