{"id":31753,"date":"2025-04-21T08:35:06","date_gmt":"2025-04-21T14:35:06","guid":{"rendered":"https:\/\/viajamagazine.com\/?p=31753"},"modified":"2025-04-22T13:50:03","modified_gmt":"2025-04-22T13:50:03","slug":"medio-oriente-gaza-israel-tropas-operacion","status":"publish","type":"post","link":"https:\/\/viajamagazine.com\/?p=31753","title":{"rendered":"MEDIO ORIENTE-GAZA-ISRAEL-TROPAS-OPERACION"},"content":{"rendered":"<div class=\"el-scrollbar__wrap\">\n<div class=\"el-scrollbar__view\">\n<div class=\"news-content\" data-v-1eda797c=\"\">(250420) &#8212; GAZA, 20 abril, 2025 (Xinhua) &#8212; Imagen prove\u00edda por las Fuerzas de Defensa de Israel el 20 de abril de 2025 de tropas israel\u00edes operando en la Franja de Gaza. El primer ministro israel\u00ed, Benjamin Netanyahu, dijo el s\u00e1bado por la noche que Ham\u00e1s hab\u00eda rechazado una propuesta para el retorno de la mitad de los rehenes vivos en Gaza, exigiendo el fin de la guerra y la retirada militar israel\u00ed de Gaza. La operaci\u00f3n militar israel\u00ed ha estado continuando en Gaza. Las Fuerzas de Defensa de Israel informaron en un comunicado que sus fuerzas blindadas mataron a m\u00e1s de 40 militantes de Ham\u00e1s en la zona de Rafah, en el sur de la Franja de Gaza, durante el fin de semana. (Xinhua\/Mahmoud Zaki) (rtg) (da)<\/div>\n<\/div>\n<\/div>\n<div class=\"el-scrollbar__bar is-horizontal\"><\/div>\n","protected":false},"excerpt":{"rendered":"<p>(250420) &#8212; GAZA, 20 abril, 2025 (Xinhua) &#8212; Imagen prove\u00edda por las Fuerzas de Defensa&#8230;<\/p>\n","protected":false},"author":1,"featured_media":31755,"comment_status":"open","ping_status":"closed","sticky":false,"template":"","format":"standard","meta":{"footnotes":""},"categories":[2],"tags":[],"class_list":["post-31753","post","type-post","status-publish","format-standard","has-post-thumbnail","hentry","category-internacional"],"_links":{"self":[{"href":"https:\/\/viajamagazine.com\/index.php?rest_route=\/wp\/v2\/posts\/31753","targetHints":{"allow":["GET"]}}],"collection":[{"href":"https:\/\/viajamagazine.com\/index.php?rest_route=\/wp\/v2\/posts"}],"about":[{"href":"https:\/\/viajamagazine.com\/index.php?rest_route=\/wp\/v2\/types\/post"}],"author":[{"embeddable":true,"href":"https:\/\/viajamagazine.com\/index.php?rest_route=\/wp\/v2\/users\/1"}],"replies":[{"embeddable":true,"href":"https:\/\/viajamagazine.com\/index.php?rest_route=%2Fwp%2Fv2%2Fcomments&post=31753"}],"version-history":[{"count":1,"href":"https:\/\/viajamagazine.com\/index.php?rest_route=\/wp\/v2\/posts\/31753\/revisions"}],"predecessor-version":[{"id":31754,"href":"https:\/\/viajamagazine.com\/index.php?rest_route=\/wp\/v2\/posts\/31753\/revisions\/31754"}],"wp:featuredmedia":[{"embeddable":true,"href":"https:\/\/viajamagazine.com\/index.php?rest_route=\/wp\/v2\/media\/31755"}],"wp:attachment":[{"href":"https:\/\/viajamagazine.com\/index.php?rest_route=%2Fwp%2Fv2%2Fmedia&parent=31753"}],"wp:term":[{"taxonomy":"category","embeddable":true,"href":"https:\/\/viajamagazine.com\/index.php?rest_route=%2Fwp%2Fv2%2Fcategories&post=31753"},{"taxonomy":"post_tag","embeddable":true,"href":"https:\/\/viajamagazine.com\/index.php?rest_route=%2Fwp%2Fv2%2Ftags&post=31753"}],"curies":[{"name":"wp","href":"https:\/\/api.w.org\/{rel}","templated":true}]}}