{"id":31444,"date":"2025-04-21T19:22:29","date_gmt":"2025-04-22T01:22:29","guid":{"rendered":"https:\/\/viajamagazine.com\/?p=31444"},"modified":"2025-04-22T01:22:30","modified_gmt":"2025-04-22T01:22:30","slug":"republica-de-corea-seul-yoon-suk-yeol-segundo-juicio-criminal-6","status":"publish","type":"post","link":"https:\/\/viajamagazine.com\/?p=31444","title":{"rendered":"REPUBLICA DE COREA-SEUL-YOON SUK-YEOL-SEGUNDO JUICIO CRIMINAL"},"content":{"rendered":"<div class=\"el-scrollbar__wrap\">\n<div class=\"el-scrollbar__view\">\n<div class=\"news-content\" data-v-1eda797c=\"\">(250421) &#8212; SEUL, 21 abril, 2025 (Xinhua) &#8212; Un oficial de polic\u00eda vigila en el Tribunal del Distrito Central de Se\u00fal, en Se\u00fal, Rep\u00fablica de Corea, el 21 de abril de 2025. El destituido presidente de Rep\u00fablica de Corea, Yoon Suk-yeol, asisti\u00f3 el lunes a su segundo juicio penal por cargos de insurrecci\u00f3n. (Xinhua\/Jun Hyosang) (rtg) (ah) (vf)<\/div>\n<\/div>\n<\/div>\n<div class=\"el-scrollbar__bar is-horizontal\"><\/div>\n","protected":false},"excerpt":{"rendered":"<p>(250421) &#8212; SEUL, 21 abril, 2025 (Xinhua) &#8212; Un oficial de polic\u00eda vigila en el&#8230;<\/p>\n","protected":false},"author":1,"featured_media":31446,"comment_status":"open","ping_status":"closed","sticky":false,"template":"","format":"standard","meta":{"footnotes":""},"categories":[2],"tags":[],"class_list":["post-31444","post","type-post","status-publish","format-standard","has-post-thumbnail","hentry","category-internacional"],"_links":{"self":[{"href":"https:\/\/viajamagazine.com\/index.php?rest_route=\/wp\/v2\/posts\/31444","targetHints":{"allow":["GET"]}}],"collection":[{"href":"https:\/\/viajamagazine.com\/index.php?rest_route=\/wp\/v2\/posts"}],"about":[{"href":"https:\/\/viajamagazine.com\/index.php?rest_route=\/wp\/v2\/types\/post"}],"author":[{"embeddable":true,"href":"https:\/\/viajamagazine.com\/index.php?rest_route=\/wp\/v2\/users\/1"}],"replies":[{"embeddable":true,"href":"https:\/\/viajamagazine.com\/index.php?rest_route=%2Fwp%2Fv2%2Fcomments&post=31444"}],"version-history":[{"count":1,"href":"https:\/\/viajamagazine.com\/index.php?rest_route=\/wp\/v2\/posts\/31444\/revisions"}],"predecessor-version":[{"id":31445,"href":"https:\/\/viajamagazine.com\/index.php?rest_route=\/wp\/v2\/posts\/31444\/revisions\/31445"}],"wp:featuredmedia":[{"embeddable":true,"href":"https:\/\/viajamagazine.com\/index.php?rest_route=\/wp\/v2\/media\/31446"}],"wp:attachment":[{"href":"https:\/\/viajamagazine.com\/index.php?rest_route=%2Fwp%2Fv2%2Fmedia&parent=31444"}],"wp:term":[{"taxonomy":"category","embeddable":true,"href":"https:\/\/viajamagazine.com\/index.php?rest_route=%2Fwp%2Fv2%2Fcategories&post=31444"},{"taxonomy":"post_tag","embeddable":true,"href":"https:\/\/viajamagazine.com\/index.php?rest_route=%2Fwp%2Fv2%2Ftags&post=31444"}],"curies":[{"name":"wp","href":"https:\/\/api.w.org\/{rel}","templated":true}]}}