{"id":31441,"date":"2025-04-21T19:22:05","date_gmt":"2025-04-22T01:22:05","guid":{"rendered":"https:\/\/viajamagazine.com\/?p=31441"},"modified":"2025-04-22T01:22:06","modified_gmt":"2025-04-22T01:22:06","slug":"republica-de-corea-seul-yoon-suk-yeol-segundo-juicio-criminal-5","status":"publish","type":"post","link":"https:\/\/viajamagazine.com\/?p=31441","title":{"rendered":"REPUBLICA DE COREA-SEUL-YOON SUK-YEOL-SEGUNDO JUICIO CRIMINAL"},"content":{"rendered":"<div class=\"el-scrollbar__wrap\">\n<div class=\"el-scrollbar__view\">\n<div class=\"news-content\" data-v-1eda797c=\"\">(250421) &#8212; SEUL, 21 abril, 2025 (Xinhua) &#8212; El destituido presidente de Rep\u00fablica de Corea, Yoon Suk-yeol, asiste a la segunda audiencia de su juicio penal por cargos de insurrecci\u00f3n, en Se\u00fal, Rep\u00fablica de Corea, el 21 de abril de 2025. (Xinhua\/Newsis) (rtg) (ah) (vf)<\/div>\n<\/div>\n<\/div>\n<div class=\"el-scrollbar__bar is-horizontal\"><\/div>\n","protected":false},"excerpt":{"rendered":"<p>(250421) &#8212; SEUL, 21 abril, 2025 (Xinhua) &#8212; El destituido presidente de Rep\u00fablica de Corea,&#8230;<\/p>\n","protected":false},"author":1,"featured_media":31443,"comment_status":"open","ping_status":"closed","sticky":false,"template":"","format":"standard","meta":{"footnotes":""},"categories":[2],"tags":[],"class_list":["post-31441","post","type-post","status-publish","format-standard","has-post-thumbnail","hentry","category-internacional"],"_links":{"self":[{"href":"https:\/\/viajamagazine.com\/index.php?rest_route=\/wp\/v2\/posts\/31441","targetHints":{"allow":["GET"]}}],"collection":[{"href":"https:\/\/viajamagazine.com\/index.php?rest_route=\/wp\/v2\/posts"}],"about":[{"href":"https:\/\/viajamagazine.com\/index.php?rest_route=\/wp\/v2\/types\/post"}],"author":[{"embeddable":true,"href":"https:\/\/viajamagazine.com\/index.php?rest_route=\/wp\/v2\/users\/1"}],"replies":[{"embeddable":true,"href":"https:\/\/viajamagazine.com\/index.php?rest_route=%2Fwp%2Fv2%2Fcomments&post=31441"}],"version-history":[{"count":1,"href":"https:\/\/viajamagazine.com\/index.php?rest_route=\/wp\/v2\/posts\/31441\/revisions"}],"predecessor-version":[{"id":31442,"href":"https:\/\/viajamagazine.com\/index.php?rest_route=\/wp\/v2\/posts\/31441\/revisions\/31442"}],"wp:featuredmedia":[{"embeddable":true,"href":"https:\/\/viajamagazine.com\/index.php?rest_route=\/wp\/v2\/media\/31443"}],"wp:attachment":[{"href":"https:\/\/viajamagazine.com\/index.php?rest_route=%2Fwp%2Fv2%2Fmedia&parent=31441"}],"wp:term":[{"taxonomy":"category","embeddable":true,"href":"https:\/\/viajamagazine.com\/index.php?rest_route=%2Fwp%2Fv2%2Fcategories&post=31441"},{"taxonomy":"post_tag","embeddable":true,"href":"https:\/\/viajamagazine.com\/index.php?rest_route=%2Fwp%2Fv2%2Ftags&post=31441"}],"curies":[{"name":"wp","href":"https:\/\/api.w.org\/{rel}","templated":true}]}}