{"id":31396,"date":"2025-04-21T19:15:15","date_gmt":"2025-04-22T01:15:15","guid":{"rendered":"https:\/\/viajamagazine.com\/?p=31396"},"modified":"2025-04-22T01:15:16","modified_gmt":"2025-04-22T01:15:16","slug":"argentina-buenos-aires-papa-francisco-memorial","status":"publish","type":"post","link":"https:\/\/viajamagazine.com\/?p=31396","title":{"rendered":"ARGENTINA-BUENOS AIRES-PAPA FRANCISCO-MEMORIAL"},"content":{"rendered":"<div class=\"el-scrollbar__wrap\">\n<div class=\"el-scrollbar__view\">\n<div class=\"news-content\" data-v-1eda797c=\"\">(250421) &#8212; BUENOS AIRES, 21 abril, 2025 (Xinhua) &#8212; Personas lloran durante una misa en la Catedral Metropolitana, en donde el papa Francisco, como arzobispo Jorge Bergoglio, sol\u00eda realizar misa, en Buenos Aires, capital de Argentina, el 21 de abril de 2025. El papa Francisco, nacido Jorge Mario Bergoglio, falleci\u00f3 el lunes a los 88 a\u00f1os de edad, anunci\u00f3 el Vaticano en un comunicado. El 266\u00ba pont\u00edfice de la Iglesia cat\u00f3lica romana naci\u00f3 el 17 de diciembre de 1936 en Buenos Aires, Argentina, y asumi\u00f3 el pontificado en 2013. (Xinhua\/Meng Dingbo) (rtg) (ah) (vf)<\/div>\n<\/div>\n<\/div>\n<div class=\"el-scrollbar__bar is-horizontal\"><\/div>\n","protected":false},"excerpt":{"rendered":"<p>(250421) &#8212; BUENOS AIRES, 21 abril, 2025 (Xinhua) &#8212; Personas lloran durante una misa en&#8230;<\/p>\n","protected":false},"author":1,"featured_media":31398,"comment_status":"open","ping_status":"closed","sticky":false,"template":"","format":"standard","meta":{"footnotes":""},"categories":[2],"tags":[],"class_list":["post-31396","post","type-post","status-publish","format-standard","has-post-thumbnail","hentry","category-internacional"],"_links":{"self":[{"href":"https:\/\/viajamagazine.com\/index.php?rest_route=\/wp\/v2\/posts\/31396","targetHints":{"allow":["GET"]}}],"collection":[{"href":"https:\/\/viajamagazine.com\/index.php?rest_route=\/wp\/v2\/posts"}],"about":[{"href":"https:\/\/viajamagazine.com\/index.php?rest_route=\/wp\/v2\/types\/post"}],"author":[{"embeddable":true,"href":"https:\/\/viajamagazine.com\/index.php?rest_route=\/wp\/v2\/users\/1"}],"replies":[{"embeddable":true,"href":"https:\/\/viajamagazine.com\/index.php?rest_route=%2Fwp%2Fv2%2Fcomments&post=31396"}],"version-history":[{"count":1,"href":"https:\/\/viajamagazine.com\/index.php?rest_route=\/wp\/v2\/posts\/31396\/revisions"}],"predecessor-version":[{"id":31397,"href":"https:\/\/viajamagazine.com\/index.php?rest_route=\/wp\/v2\/posts\/31396\/revisions\/31397"}],"wp:featuredmedia":[{"embeddable":true,"href":"https:\/\/viajamagazine.com\/index.php?rest_route=\/wp\/v2\/media\/31398"}],"wp:attachment":[{"href":"https:\/\/viajamagazine.com\/index.php?rest_route=%2Fwp%2Fv2%2Fmedia&parent=31396"}],"wp:term":[{"taxonomy":"category","embeddable":true,"href":"https:\/\/viajamagazine.com\/index.php?rest_route=%2Fwp%2Fv2%2Fcategories&post=31396"},{"taxonomy":"post_tag","embeddable":true,"href":"https:\/\/viajamagazine.com\/index.php?rest_route=%2Fwp%2Fv2%2Ftags&post=31396"}],"curies":[{"name":"wp","href":"https:\/\/api.w.org\/{rel}","templated":true}]}}