{"id":31287,"date":"2025-04-21T18:57:01","date_gmt":"2025-04-22T00:57:01","guid":{"rendered":"https:\/\/viajamagazine.com\/?p=31287"},"modified":"2025-04-22T00:57:02","modified_gmt":"2025-04-22T00:57:02","slug":"urgente-klaus-schwab-dimite-como-presidente-de-foro-economico-mundial","status":"publish","type":"post","link":"https:\/\/viajamagazine.com\/?p=31287","title":{"rendered":"Urgente: Klaus Schwab dimite como presidente de Foro Econ\u00f3mico Mundial"},"content":{"rendered":"<p>GINEBRA, 21 abr (Xinhua) &#8212; El fundador del Foro Econ\u00f3mico Mundial (FEM), Klaus Schwab, ha anunciado su dimisi\u00f3n como presidente de la Junta Directiva del foro, dijo hoy lunes el FEM en un comunicado. Seg\u00fan el escrito, Schwab ha informado a la junta de que \u00abtras mi reciente anuncio y al cumplir 88 a\u00f1os, he decidido renunciar al cargo de presidente y como miembro de la Junta Directiva, con efecto inmediato\u00bb. Fin<\/p>\n","protected":false},"excerpt":{"rendered":"<p>GINEBRA, 21 abr (Xinhua) &#8212; El fundador del Foro Econ\u00f3mico Mundial (FEM), Klaus Schwab, ha&#8230;<\/p>\n","protected":false},"author":1,"featured_media":0,"comment_status":"open","ping_status":"closed","sticky":false,"template":"","format":"standard","meta":{"footnotes":""},"categories":[2],"tags":[],"class_list":["post-31287","post","type-post","status-publish","format-standard","hentry","category-internacional"],"_links":{"self":[{"href":"https:\/\/viajamagazine.com\/index.php?rest_route=\/wp\/v2\/posts\/31287","targetHints":{"allow":["GET"]}}],"collection":[{"href":"https:\/\/viajamagazine.com\/index.php?rest_route=\/wp\/v2\/posts"}],"about":[{"href":"https:\/\/viajamagazine.com\/index.php?rest_route=\/wp\/v2\/types\/post"}],"author":[{"embeddable":true,"href":"https:\/\/viajamagazine.com\/index.php?rest_route=\/wp\/v2\/users\/1"}],"replies":[{"embeddable":true,"href":"https:\/\/viajamagazine.com\/index.php?rest_route=%2Fwp%2Fv2%2Fcomments&post=31287"}],"version-history":[{"count":1,"href":"https:\/\/viajamagazine.com\/index.php?rest_route=\/wp\/v2\/posts\/31287\/revisions"}],"predecessor-version":[{"id":31288,"href":"https:\/\/viajamagazine.com\/index.php?rest_route=\/wp\/v2\/posts\/31287\/revisions\/31288"}],"wp:attachment":[{"href":"https:\/\/viajamagazine.com\/index.php?rest_route=%2Fwp%2Fv2%2Fmedia&parent=31287"}],"wp:term":[{"taxonomy":"category","embeddable":true,"href":"https:\/\/viajamagazine.com\/index.php?rest_route=%2Fwp%2Fv2%2Fcategories&post=31287"},{"taxonomy":"post_tag","embeddable":true,"href":"https:\/\/viajamagazine.com\/index.php?rest_route=%2Fwp%2Fv2%2Ftags&post=31287"}],"curies":[{"name":"wp","href":"https:\/\/api.w.org\/{rel}","templated":true}]}}