{"id":31279,"date":"2025-04-21T18:55:55","date_gmt":"2025-04-22T00:55:55","guid":{"rendered":"https:\/\/viajamagazine.com\/?p=31279"},"modified":"2025-04-22T00:55:55","modified_gmt":"2025-04-22T00:55:55","slug":"urgente-fallece-papa-francisco-a-los-88-anos","status":"publish","type":"post","link":"https:\/\/viajamagazine.com\/?p=31279","title":{"rendered":"Urgente: Fallece papa Francisco a los 88 a\u00f1os"},"content":{"rendered":"<p>ROMA, 21 abr (Xinhua) &#8212; El papa Francisco falleci\u00f3 hoy lunes a los 88 a\u00f1os de edad, anunci\u00f3 el Vaticano en un comunicado. Nacido como Jorge Mario Bergoglio el 17 de diciembre de 1936 en Buenos Aires, Argentina, sirvi\u00f3 como cabeza de la Iglesia cat\u00f3lica romana desde 2013. Fin<\/p>\n","protected":false},"excerpt":{"rendered":"<p>ROMA, 21 abr (Xinhua) &#8212; El papa Francisco falleci\u00f3 hoy lunes a los 88 a\u00f1os&#8230;<\/p>\n","protected":false},"author":1,"featured_media":0,"comment_status":"open","ping_status":"closed","sticky":false,"template":"","format":"standard","meta":{"footnotes":""},"categories":[2],"tags":[],"class_list":["post-31279","post","type-post","status-publish","format-standard","hentry","category-internacional"],"_links":{"self":[{"href":"https:\/\/viajamagazine.com\/index.php?rest_route=\/wp\/v2\/posts\/31279","targetHints":{"allow":["GET"]}}],"collection":[{"href":"https:\/\/viajamagazine.com\/index.php?rest_route=\/wp\/v2\/posts"}],"about":[{"href":"https:\/\/viajamagazine.com\/index.php?rest_route=\/wp\/v2\/types\/post"}],"author":[{"embeddable":true,"href":"https:\/\/viajamagazine.com\/index.php?rest_route=\/wp\/v2\/users\/1"}],"replies":[{"embeddable":true,"href":"https:\/\/viajamagazine.com\/index.php?rest_route=%2Fwp%2Fv2%2Fcomments&post=31279"}],"version-history":[{"count":1,"href":"https:\/\/viajamagazine.com\/index.php?rest_route=\/wp\/v2\/posts\/31279\/revisions"}],"predecessor-version":[{"id":31280,"href":"https:\/\/viajamagazine.com\/index.php?rest_route=\/wp\/v2\/posts\/31279\/revisions\/31280"}],"wp:attachment":[{"href":"https:\/\/viajamagazine.com\/index.php?rest_route=%2Fwp%2Fv2%2Fmedia&parent=31279"}],"wp:term":[{"taxonomy":"category","embeddable":true,"href":"https:\/\/viajamagazine.com\/index.php?rest_route=%2Fwp%2Fv2%2Fcategories&post=31279"},{"taxonomy":"post_tag","embeddable":true,"href":"https:\/\/viajamagazine.com\/index.php?rest_route=%2Fwp%2Fv2%2Ftags&post=31279"}],"curies":[{"name":"wp","href":"https:\/\/api.w.org\/{rel}","templated":true}]}}