{"id":31217,"date":"2025-04-21T15:51:53","date_gmt":"2025-04-21T21:51:53","guid":{"rendered":"https:\/\/viajamagazine.com\/?p=31217"},"modified":"2025-04-21T21:51:54","modified_gmt":"2025-04-21T21:51:54","slug":"china-kunming-equipo-de-salud-publica-myanmar","status":"publish","type":"post","link":"https:\/\/viajamagazine.com\/?p=31217","title":{"rendered":"CHINA-KUNMING-EQUIPO DE SALUD PUBLICA-MYANMAR"},"content":{"rendered":"<div class=\"el-scrollbar__wrap\">\n<div class=\"el-scrollbar__view\">\n<div class=\"news-content\" data-v-1eda797c=\"\">(250419) &#8212; KUNMING, 19 abril, 2025 (Xinhua) &#8212; Miembros de un equipo de salud p\u00fablica que se dirige a Myanmar son vistos durante una ceremonia de despedida, en Kunming, en la provincia de Yunnan, en el suroeste de China, el 19 de abril de 2025. Un equipo de salud p\u00fablica chino de 50 miembros parti\u00f3 el s\u00e1bado hacia Myanmar para apoyar all\u00e1 los esfuerzos de salud p\u00fablica tras el terremoto. El terremoto de magnitud 7,9, que sacudi\u00f3 Myanmar el 28 de marzo, ha cobrado 3.726 vidas y dejado 5.105 personas heridas, con otras 129 personas desaparecidas hasta el 18 de abril, seg\u00fan el Equipo de Informaci\u00f3n del Consejo de Administraci\u00f3n Estatal de Myanmar el 19 de abril. (Xinhua\/Chen Xinbo) (oa) (da)<\/div>\n<\/div>\n<\/div>\n<div class=\"el-scrollbar__bar is-horizontal\"><\/div>\n","protected":false},"excerpt":{"rendered":"<p>(250419) &#8212; KUNMING, 19 abril, 2025 (Xinhua) &#8212; Miembros de un equipo de salud p\u00fablica&#8230;<\/p>\n","protected":false},"author":1,"featured_media":31219,"comment_status":"open","ping_status":"closed","sticky":false,"template":"","format":"standard","meta":{"footnotes":""},"categories":[2],"tags":[],"class_list":["post-31217","post","type-post","status-publish","format-standard","has-post-thumbnail","hentry","category-internacional"],"_links":{"self":[{"href":"https:\/\/viajamagazine.com\/index.php?rest_route=\/wp\/v2\/posts\/31217","targetHints":{"allow":["GET"]}}],"collection":[{"href":"https:\/\/viajamagazine.com\/index.php?rest_route=\/wp\/v2\/posts"}],"about":[{"href":"https:\/\/viajamagazine.com\/index.php?rest_route=\/wp\/v2\/types\/post"}],"author":[{"embeddable":true,"href":"https:\/\/viajamagazine.com\/index.php?rest_route=\/wp\/v2\/users\/1"}],"replies":[{"embeddable":true,"href":"https:\/\/viajamagazine.com\/index.php?rest_route=%2Fwp%2Fv2%2Fcomments&post=31217"}],"version-history":[{"count":1,"href":"https:\/\/viajamagazine.com\/index.php?rest_route=\/wp\/v2\/posts\/31217\/revisions"}],"predecessor-version":[{"id":31218,"href":"https:\/\/viajamagazine.com\/index.php?rest_route=\/wp\/v2\/posts\/31217\/revisions\/31218"}],"wp:featuredmedia":[{"embeddable":true,"href":"https:\/\/viajamagazine.com\/index.php?rest_route=\/wp\/v2\/media\/31219"}],"wp:attachment":[{"href":"https:\/\/viajamagazine.com\/index.php?rest_route=%2Fwp%2Fv2%2Fmedia&parent=31217"}],"wp:term":[{"taxonomy":"category","embeddable":true,"href":"https:\/\/viajamagazine.com\/index.php?rest_route=%2Fwp%2Fv2%2Fcategories&post=31217"},{"taxonomy":"post_tag","embeddable":true,"href":"https:\/\/viajamagazine.com\/index.php?rest_route=%2Fwp%2Fv2%2Ftags&post=31217"}],"curies":[{"name":"wp","href":"https:\/\/api.w.org\/{rel}","templated":true}]}}