{"id":31139,"date":"2025-04-21T14:47:19","date_gmt":"2025-04-21T20:47:19","guid":{"rendered":"https:\/\/viajamagazine.com\/?p=31139"},"modified":"2025-04-21T20:47:20","modified_gmt":"2025-04-21T20:47:20","slug":"israel-tel-aviv-gaza-rehenes-conferencia-de-prensa","status":"publish","type":"post","link":"https:\/\/viajamagazine.com\/?p=31139","title":{"rendered":"ISRAEL-TEL AVIV-GAZA-REHENES-CONFERENCIA DE PRENSA"},"content":{"rendered":"<div class=\"el-scrollbar__wrap\">\n<div class=\"el-scrollbar__view\">\n<div class=\"news-content\" data-v-1eda797c=\"\">(250419) &#8212; TEL AVIV, 19 abril, 2025 (Xinhua) &#8212; Imagen del 18 de abril de 2025 de familiares de israel\u00edes retenidos como rehenes en Gaza ofreciendo una conferencia de prensa en una plaza, en Tel Aviv, Israel. Ham\u00e1s dijo el jueves por la noche que est\u00e1 listo para comenzar inmediatamente las negociaciones sobre un acuerdo para intercambiar a todos los rehenes israel\u00edes por un n\u00famero acordado de prisioneros palestinos, en un intento por detener por completo la guerra en Gaza. (Xinhua\/Gideon Markowicz\/JINI) (oa) (da)<\/div>\n<\/div>\n<\/div>\n<div class=\"el-scrollbar__bar is-horizontal\"><\/div>\n","protected":false},"excerpt":{"rendered":"<p>(250419) &#8212; TEL AVIV, 19 abril, 2025 (Xinhua) &#8212; Imagen del 18 de abril de&#8230;<\/p>\n","protected":false},"author":1,"featured_media":31141,"comment_status":"open","ping_status":"closed","sticky":false,"template":"","format":"standard","meta":{"footnotes":""},"categories":[2],"tags":[],"class_list":["post-31139","post","type-post","status-publish","format-standard","has-post-thumbnail","hentry","category-internacional"],"_links":{"self":[{"href":"https:\/\/viajamagazine.com\/index.php?rest_route=\/wp\/v2\/posts\/31139","targetHints":{"allow":["GET"]}}],"collection":[{"href":"https:\/\/viajamagazine.com\/index.php?rest_route=\/wp\/v2\/posts"}],"about":[{"href":"https:\/\/viajamagazine.com\/index.php?rest_route=\/wp\/v2\/types\/post"}],"author":[{"embeddable":true,"href":"https:\/\/viajamagazine.com\/index.php?rest_route=\/wp\/v2\/users\/1"}],"replies":[{"embeddable":true,"href":"https:\/\/viajamagazine.com\/index.php?rest_route=%2Fwp%2Fv2%2Fcomments&post=31139"}],"version-history":[{"count":1,"href":"https:\/\/viajamagazine.com\/index.php?rest_route=\/wp\/v2\/posts\/31139\/revisions"}],"predecessor-version":[{"id":31140,"href":"https:\/\/viajamagazine.com\/index.php?rest_route=\/wp\/v2\/posts\/31139\/revisions\/31140"}],"wp:featuredmedia":[{"embeddable":true,"href":"https:\/\/viajamagazine.com\/index.php?rest_route=\/wp\/v2\/media\/31141"}],"wp:attachment":[{"href":"https:\/\/viajamagazine.com\/index.php?rest_route=%2Fwp%2Fv2%2Fmedia&parent=31139"}],"wp:term":[{"taxonomy":"category","embeddable":true,"href":"https:\/\/viajamagazine.com\/index.php?rest_route=%2Fwp%2Fv2%2Fcategories&post=31139"},{"taxonomy":"post_tag","embeddable":true,"href":"https:\/\/viajamagazine.com\/index.php?rest_route=%2Fwp%2Fv2%2Ftags&post=31139"}],"curies":[{"name":"wp","href":"https:\/\/api.w.org\/{rel}","templated":true}]}}