{"id":30995,"date":"2025-04-21T14:12:43","date_gmt":"2025-04-21T20:12:43","guid":{"rendered":"https:\/\/viajamagazine.com\/?p=30995"},"modified":"2025-04-21T20:12:44","modified_gmt":"2025-04-21T20:12:44","slug":"egipto-ismailia-civilizaciones-china-y-africana-dialogo","status":"publish","type":"post","link":"https:\/\/viajamagazine.com\/?p=30995","title":{"rendered":"EGIPTO-ISMAILIA-CIVILIZACIONES CHINA Y AFRICANA-DIALOGO"},"content":{"rendered":"<div class=\"el-scrollbar__wrap\">\n<div class=\"el-scrollbar__view\">\n<div class=\"news-content\" data-v-1eda797c=\"\">(250418) &#8212; ISMAILIA, 18 abril, 2025 (Xinhua) &#8212; Imagen del 16 de abril de 2025 de la ceremonia de inauguraci\u00f3n de la 4\u00aa Conferencia sobre el Di\u00e1logo entre las Civilizaciones China y Africana llev\u00e1ndose a cabo en la Gobernaci\u00f3n de Ismail\u00eda, Egipto. M\u00e1s de 100 expertos, acad\u00e9micos y enviados diplom\u00e1ticos de China y pa\u00edses africanos se reunieron el mi\u00e9rcoles en la Gobernaci\u00f3n de Ismail\u00eda, en el noreste de Egipto, para compartir perspectivas y reflexiones de las antiguas civilizaciones china y africana sobre los desaf\u00edos globales contempor\u00e1neos. (Xinhua\/Sui Xiankai) (jg) (da) (vf)<\/div>\n<\/div>\n<\/div>\n<div class=\"el-scrollbar__bar is-horizontal\"><\/div>\n","protected":false},"excerpt":{"rendered":"<p>(250418) &#8212; ISMAILIA, 18 abril, 2025 (Xinhua) &#8212; Imagen del 16 de abril de 2025&#8230;<\/p>\n","protected":false},"author":1,"featured_media":30997,"comment_status":"open","ping_status":"closed","sticky":false,"template":"","format":"standard","meta":{"footnotes":""},"categories":[2],"tags":[],"class_list":["post-30995","post","type-post","status-publish","format-standard","has-post-thumbnail","hentry","category-internacional"],"_links":{"self":[{"href":"https:\/\/viajamagazine.com\/index.php?rest_route=\/wp\/v2\/posts\/30995","targetHints":{"allow":["GET"]}}],"collection":[{"href":"https:\/\/viajamagazine.com\/index.php?rest_route=\/wp\/v2\/posts"}],"about":[{"href":"https:\/\/viajamagazine.com\/index.php?rest_route=\/wp\/v2\/types\/post"}],"author":[{"embeddable":true,"href":"https:\/\/viajamagazine.com\/index.php?rest_route=\/wp\/v2\/users\/1"}],"replies":[{"embeddable":true,"href":"https:\/\/viajamagazine.com\/index.php?rest_route=%2Fwp%2Fv2%2Fcomments&post=30995"}],"version-history":[{"count":1,"href":"https:\/\/viajamagazine.com\/index.php?rest_route=\/wp\/v2\/posts\/30995\/revisions"}],"predecessor-version":[{"id":30996,"href":"https:\/\/viajamagazine.com\/index.php?rest_route=\/wp\/v2\/posts\/30995\/revisions\/30996"}],"wp:featuredmedia":[{"embeddable":true,"href":"https:\/\/viajamagazine.com\/index.php?rest_route=\/wp\/v2\/media\/30997"}],"wp:attachment":[{"href":"https:\/\/viajamagazine.com\/index.php?rest_route=%2Fwp%2Fv2%2Fmedia&parent=30995"}],"wp:term":[{"taxonomy":"category","embeddable":true,"href":"https:\/\/viajamagazine.com\/index.php?rest_route=%2Fwp%2Fv2%2Fcategories&post=30995"},{"taxonomy":"post_tag","embeddable":true,"href":"https:\/\/viajamagazine.com\/index.php?rest_route=%2Fwp%2Fv2%2Ftags&post=30995"}],"curies":[{"name":"wp","href":"https:\/\/api.w.org\/{rel}","templated":true}]}}