{"id":30830,"date":"2025-04-21T13:39:44","date_gmt":"2025-04-21T19:39:44","guid":{"rendered":"https:\/\/viajamagazine.com\/?p=30830"},"modified":"2025-04-21T19:39:45","modified_gmt":"2025-04-21T19:39:45","slug":"argentina-buenos-aires-china-idioma-5","status":"publish","type":"post","link":"https:\/\/viajamagazine.com\/?p=30830","title":{"rendered":"ARGENTINA-BUENOS AIRES-CHINA-IDIOMA"},"content":{"rendered":"<div class=\"el-scrollbar__wrap\">\n<div class=\"el-scrollbar__view\">\n<div class=\"news-content\" data-v-1eda797c=\"\">(250418) &#8212; BUENOS AIRES, 18 abril, 2025 (Xinhua) &#8212; Imagen del 15 de abril de 2025 de alumnos de cuarto grado participando durante una clase de idioma chino, en la Escuela Biling\u00fce Argentino-China No. 28, en la ciudad de Buenos Aires, capital de Argentina. El aprendizaje del chino mandar\u00edn forma parte del d\u00eda a d\u00eda entre ni\u00f1os de una escuela primaria biling\u00fce argentino-china en esta capital, donde las infancias se convierten en protagonistas de un v\u00ednculo cultural que trasciende fronteras. El D\u00eda de la Lengua China se celebra cada 20 de abril por decreto de la Organizaci\u00f3n de las Naciones Unidas. (Xinhua\/Mart\u00edn Zabala) (mz) (oa) (ra) (ce)<\/div>\n<\/div>\n<\/div>\n<div class=\"el-scrollbar__bar is-horizontal\"><\/div>\n","protected":false},"excerpt":{"rendered":"<p>(250418) &#8212; BUENOS AIRES, 18 abril, 2025 (Xinhua) &#8212; Imagen del 15 de abril de&#8230;<\/p>\n","protected":false},"author":1,"featured_media":30832,"comment_status":"open","ping_status":"closed","sticky":false,"template":"","format":"standard","meta":{"footnotes":""},"categories":[2],"tags":[],"class_list":["post-30830","post","type-post","status-publish","format-standard","has-post-thumbnail","hentry","category-internacional"],"_links":{"self":[{"href":"https:\/\/viajamagazine.com\/index.php?rest_route=\/wp\/v2\/posts\/30830","targetHints":{"allow":["GET"]}}],"collection":[{"href":"https:\/\/viajamagazine.com\/index.php?rest_route=\/wp\/v2\/posts"}],"about":[{"href":"https:\/\/viajamagazine.com\/index.php?rest_route=\/wp\/v2\/types\/post"}],"author":[{"embeddable":true,"href":"https:\/\/viajamagazine.com\/index.php?rest_route=\/wp\/v2\/users\/1"}],"replies":[{"embeddable":true,"href":"https:\/\/viajamagazine.com\/index.php?rest_route=%2Fwp%2Fv2%2Fcomments&post=30830"}],"version-history":[{"count":1,"href":"https:\/\/viajamagazine.com\/index.php?rest_route=\/wp\/v2\/posts\/30830\/revisions"}],"predecessor-version":[{"id":30831,"href":"https:\/\/viajamagazine.com\/index.php?rest_route=\/wp\/v2\/posts\/30830\/revisions\/30831"}],"wp:featuredmedia":[{"embeddable":true,"href":"https:\/\/viajamagazine.com\/index.php?rest_route=\/wp\/v2\/media\/30832"}],"wp:attachment":[{"href":"https:\/\/viajamagazine.com\/index.php?rest_route=%2Fwp%2Fv2%2Fmedia&parent=30830"}],"wp:term":[{"taxonomy":"category","embeddable":true,"href":"https:\/\/viajamagazine.com\/index.php?rest_route=%2Fwp%2Fv2%2Fcategories&post=30830"},{"taxonomy":"post_tag","embeddable":true,"href":"https:\/\/viajamagazine.com\/index.php?rest_route=%2Fwp%2Fv2%2Ftags&post=30830"}],"curies":[{"name":"wp","href":"https:\/\/api.w.org\/{rel}","templated":true}]}}