{"id":30623,"date":"2025-04-21T13:09:01","date_gmt":"2025-04-21T19:09:01","guid":{"rendered":"https:\/\/viajamagazine.com\/?p=30623"},"modified":"2025-04-21T19:09:02","modified_gmt":"2025-04-21T19:09:02","slug":"empresariado-boliviano-alerta-efectos-devastadores-por-alza-salarial-excesivo","status":"publish","type":"post","link":"https:\/\/viajamagazine.com\/?p=30623","title":{"rendered":"Empresariado boliviano alerta efectos \u00abdevastadores\u00bb por alza salarial excesivo"},"content":{"rendered":"<div class=\"el-scrollbar__wrap\">\n<div class=\"el-scrollbar__view\">\n<div class=\"news-content\" data-v-1eda797c=\"\">LA PAZ, 19 abr (Xinhua) &#8212; La Confederaci\u00f3n de Empresarios Privados de Bolivia (CEPB) alert\u00f3 este s\u00e1bado que un incremento salarial excesivo tendr\u00eda efectos \u00abdevastadores\u00bb para la econom\u00eda nacional, al provocar inflaci\u00f3n, aumento del desempleo y la posible quiebra de miles de peque\u00f1as y medianas empresas. \u00abHemos consultado a los 29 sectores que componen la Confederaci\u00f3n y en todos los casos constatamos la profunda preocupaci\u00f3n de las entidades empresariales nacionales y departamentales por las consecuencias de un aumento salarial excesivo e imprudente en estos momentos de crisis, y los devastadores efectos que tendr\u00eda sobre la inflaci\u00f3n, el desempleo y la supervivencia de miles de empresas\u00bb, declar\u00f3 el presidente de la CEPB, Giovanni Ortu\u00f1o, La preocupaci\u00f3n del sector privado se produjo luego de que la Central Obrera Boliviana (COB) solicitara al Gobierno un aumento del 20 por ciento al haber b\u00e1sico y del 15 por ciento al salario m\u00ednimo nacional, una propuesta que los empresarios consideran inviable en el actual contexto econ\u00f3mico. Mediante un bolet\u00edn oficial difundido a los medios, la CEPB solicit\u00f3 una audiencia con el presidente Luis Arce para exponer la realidad empresarial y presentar una propuesta institucional que tome en cuenta tanto la capacidad del sector privado como las necesidades de los trabajadores. Ortu\u00f1o dijo que incluso un incremento menor al propuesto por la COB podr\u00eda tener un \u00abefecto multiplicador negativo\u00bb en un entorno econ\u00f3mico afectado por la escasez de divisas, el aumento del \u00edndice de precios al consumidor y una creciente incertidumbre productiva. La cr\u00edtica se centra, adem\u00e1s, en la forma de negociaci\u00f3n sin la inclusi\u00f3n de los empresarios. Ortu\u00f1o lament\u00f3 que, hist\u00f3ricamente, el Gobierno haya privilegiado el di\u00e1logo \u00fanicamente con la dirigencia de la COB, sin incorporar al empresariado como contraparte esencial en las decisiones laborales. \u00abNos preocupa que el Gobierno opte una vez m\u00e1s por un acuerdo solamente con la dirigencia de la COB y no escuche al empresariado, especialmente cuando el di\u00e1logo y la coordinaci\u00f3n, que siempre hemos propiciado desde la Confederaci\u00f3n de Empresarios Privados, son imprescindibles, ya que una determinaci\u00f3n equivocada que no atienda a las partes involucradas, y que acepte incrementos desmedidos, puede tener un efecto multiplicador y nocivo en otros sectores y \u00e1reas de la econom\u00eda\u00bb, sostuvo. El pasado 9 de marzo, la CEPB emiti\u00f3 un comunicado en el que advert\u00eda sobre los efectos de un posible incremento salarial \u00abirracional e indiscriminado, desligado de la productividad y que se imponga por razones pol\u00edticas\u00bb. En ese marco, los empresarios hicieron un llamado al Ejecutivo para que el debate sobre el salario sea abordado con \u00abla seriedad, responsabilidad y equidad necesarias\u00bb, y apelaron a una concertaci\u00f3n tripartita que evite decisiones unilaterales con alto impacto negativo para la econom\u00eda nacional. Fin<\/div>\n<\/div>\n<\/div>\n<div class=\"el-scrollbar__bar is-horizontal\"><\/div>\n","protected":false},"excerpt":{"rendered":"<p>LA PAZ, 19 abr (Xinhua) &#8212; La Confederaci\u00f3n de Empresarios Privados de Bolivia (CEPB) alert\u00f3&#8230;<\/p>\n","protected":false},"author":1,"featured_media":0,"comment_status":"open","ping_status":"closed","sticky":false,"template":"","format":"standard","meta":{"footnotes":""},"categories":[2],"tags":[],"class_list":["post-30623","post","type-post","status-publish","format-standard","hentry","category-internacional"],"_links":{"self":[{"href":"https:\/\/viajamagazine.com\/index.php?rest_route=\/wp\/v2\/posts\/30623","targetHints":{"allow":["GET"]}}],"collection":[{"href":"https:\/\/viajamagazine.com\/index.php?rest_route=\/wp\/v2\/posts"}],"about":[{"href":"https:\/\/viajamagazine.com\/index.php?rest_route=\/wp\/v2\/types\/post"}],"author":[{"embeddable":true,"href":"https:\/\/viajamagazine.com\/index.php?rest_route=\/wp\/v2\/users\/1"}],"replies":[{"embeddable":true,"href":"https:\/\/viajamagazine.com\/index.php?rest_route=%2Fwp%2Fv2%2Fcomments&post=30623"}],"version-history":[{"count":1,"href":"https:\/\/viajamagazine.com\/index.php?rest_route=\/wp\/v2\/posts\/30623\/revisions"}],"predecessor-version":[{"id":30624,"href":"https:\/\/viajamagazine.com\/index.php?rest_route=\/wp\/v2\/posts\/30623\/revisions\/30624"}],"wp:attachment":[{"href":"https:\/\/viajamagazine.com\/index.php?rest_route=%2Fwp%2Fv2%2Fmedia&parent=30623"}],"wp:term":[{"taxonomy":"category","embeddable":true,"href":"https:\/\/viajamagazine.com\/index.php?rest_route=%2Fwp%2Fv2%2Fcategories&post=30623"},{"taxonomy":"post_tag","embeddable":true,"href":"https:\/\/viajamagazine.com\/index.php?rest_route=%2Fwp%2Fv2%2Ftags&post=30623"}],"curies":[{"name":"wp","href":"https:\/\/api.w.org\/{rel}","templated":true}]}}