{"id":30424,"date":"2025-04-21T12:27:47","date_gmt":"2025-04-21T18:27:47","guid":{"rendered":"https:\/\/viajamagazine.com\/?p=30424"},"modified":"2025-04-21T18:27:49","modified_gmt":"2025-04-21T18:27:49","slug":"beijing-acogera-primera-reunion-de-ministros-del-dialogo-ministerial-conjunto-de-relaciones-exteriores-y-defensa-entre-china-e-indonesia","status":"publish","type":"post","link":"https:\/\/viajamagazine.com\/?p=30424","title":{"rendered":"Beijing acoger\u00e1 primera reuni\u00f3n de ministros del Di\u00e1logo Ministerial Conjunto de Relaciones Exteriores y Defensa entre China e Indonesia"},"content":{"rendered":"<p>BEIJING, 18 abr (Xinhua) &#8212; La primera reuni\u00f3n de ministros del Di\u00e1logo Ministerial Conjunto de Relaciones Exteriores y Defensa China-Indonesia se celebrar\u00e1 en Beijing el 21 de abril, anunci\u00f3 hoy viernes un portavoz de la canciller\u00eda china. El miembro del Bur\u00f3 Pol\u00edtico del Comit\u00e9 Central del Partido Comunista de China y ministro de Relaciones Exteriores, Wang Yi, y el ministro de Defensa chino, Dong Jun, presidir\u00e1n la reuni\u00f3n, precis\u00f3 el vocero. El ministro de Relaciones Exteriores de Indonesia, Sugiono, y el ministro de Defensa de ese pa\u00eds, Sjafrie Sjamsoeddin, asistir\u00e1n a la reuni\u00f3n en China, de acuerdo con la misma fuente. Fin<\/p>\n","protected":false},"excerpt":{"rendered":"<p>BEIJING, 18 abr (Xinhua) &#8212; La primera reuni\u00f3n de ministros del Di\u00e1logo Ministerial Conjunto de&#8230;<\/p>\n","protected":false},"author":1,"featured_media":0,"comment_status":"open","ping_status":"closed","sticky":false,"template":"","format":"standard","meta":{"footnotes":""},"categories":[2],"tags":[],"class_list":["post-30424","post","type-post","status-publish","format-standard","hentry","category-internacional"],"_links":{"self":[{"href":"https:\/\/viajamagazine.com\/index.php?rest_route=\/wp\/v2\/posts\/30424","targetHints":{"allow":["GET"]}}],"collection":[{"href":"https:\/\/viajamagazine.com\/index.php?rest_route=\/wp\/v2\/posts"}],"about":[{"href":"https:\/\/viajamagazine.com\/index.php?rest_route=\/wp\/v2\/types\/post"}],"author":[{"embeddable":true,"href":"https:\/\/viajamagazine.com\/index.php?rest_route=\/wp\/v2\/users\/1"}],"replies":[{"embeddable":true,"href":"https:\/\/viajamagazine.com\/index.php?rest_route=%2Fwp%2Fv2%2Fcomments&post=30424"}],"version-history":[{"count":1,"href":"https:\/\/viajamagazine.com\/index.php?rest_route=\/wp\/v2\/posts\/30424\/revisions"}],"predecessor-version":[{"id":30425,"href":"https:\/\/viajamagazine.com\/index.php?rest_route=\/wp\/v2\/posts\/30424\/revisions\/30425"}],"wp:attachment":[{"href":"https:\/\/viajamagazine.com\/index.php?rest_route=%2Fwp%2Fv2%2Fmedia&parent=30424"}],"wp:term":[{"taxonomy":"category","embeddable":true,"href":"https:\/\/viajamagazine.com\/index.php?rest_route=%2Fwp%2Fv2%2Fcategories&post=30424"},{"taxonomy":"post_tag","embeddable":true,"href":"https:\/\/viajamagazine.com\/index.php?rest_route=%2Fwp%2Fv2%2Ftags&post=30424"}],"curies":[{"name":"wp","href":"https:\/\/api.w.org\/{rel}","templated":true}]}}