{"id":30405,"date":"2025-04-21T12:18:26","date_gmt":"2025-04-21T18:18:26","guid":{"rendered":"https:\/\/viajamagazine.com\/?p=30405"},"modified":"2025-04-21T18:18:27","modified_gmt":"2025-04-21T18:18:27","slug":"ghana-region-central-dia-del-idioma-chino-de-la-onu-celebracion","status":"publish","type":"post","link":"https:\/\/viajamagazine.com\/?p=30405","title":{"rendered":"GHANA-REGION CENTRAL-DIA DEL IDIOMA CHINO DE LA ONU-CELEBRACION"},"content":{"rendered":"<div class=\"el-scrollbar__wrap\">\n<div class=\"el-scrollbar__view\">\n<div class=\"news-content\" data-v-1eda797c=\"\">(250417) &#8212; REGION CENTRAL, 17 abril, 2025 (Xinhua) &#8212; Imagen del 16 de abril de 2025 de estudiantes aprendiendo caligraf\u00eda china durante una celebraci\u00f3n del D\u00eda del Idioma Chino, en la Regi\u00f3n Central, Ghana. Algunas escuelas de la Regi\u00f3n Central de Ghana y el Instituto Confucio de la Universidad de Ciudad del Cabo realizaron el mi\u00e9rcoles presentaciones espl\u00e9ndidas para anunciar el D\u00eda del Idioma Chino de las Naciones Unidas, que se celebra anualmente el 20 de abril. (Xinhua\/Seth) (jg) (ah) (ce)<\/div>\n<\/div>\n<\/div>\n<div class=\"el-scrollbar__bar is-horizontal\"><\/div>\n","protected":false},"excerpt":{"rendered":"<p>(250417) &#8212; REGION CENTRAL, 17 abril, 2025 (Xinhua) &#8212; Imagen del 16 de abril de&#8230;<\/p>\n","protected":false},"author":1,"featured_media":30407,"comment_status":"open","ping_status":"closed","sticky":false,"template":"","format":"standard","meta":{"footnotes":""},"categories":[2],"tags":[],"class_list":["post-30405","post","type-post","status-publish","format-standard","has-post-thumbnail","hentry","category-internacional"],"_links":{"self":[{"href":"https:\/\/viajamagazine.com\/index.php?rest_route=\/wp\/v2\/posts\/30405","targetHints":{"allow":["GET"]}}],"collection":[{"href":"https:\/\/viajamagazine.com\/index.php?rest_route=\/wp\/v2\/posts"}],"about":[{"href":"https:\/\/viajamagazine.com\/index.php?rest_route=\/wp\/v2\/types\/post"}],"author":[{"embeddable":true,"href":"https:\/\/viajamagazine.com\/index.php?rest_route=\/wp\/v2\/users\/1"}],"replies":[{"embeddable":true,"href":"https:\/\/viajamagazine.com\/index.php?rest_route=%2Fwp%2Fv2%2Fcomments&post=30405"}],"version-history":[{"count":1,"href":"https:\/\/viajamagazine.com\/index.php?rest_route=\/wp\/v2\/posts\/30405\/revisions"}],"predecessor-version":[{"id":30406,"href":"https:\/\/viajamagazine.com\/index.php?rest_route=\/wp\/v2\/posts\/30405\/revisions\/30406"}],"wp:featuredmedia":[{"embeddable":true,"href":"https:\/\/viajamagazine.com\/index.php?rest_route=\/wp\/v2\/media\/30407"}],"wp:attachment":[{"href":"https:\/\/viajamagazine.com\/index.php?rest_route=%2Fwp%2Fv2%2Fmedia&parent=30405"}],"wp:term":[{"taxonomy":"category","embeddable":true,"href":"https:\/\/viajamagazine.com\/index.php?rest_route=%2Fwp%2Fv2%2Fcategories&post=30405"},{"taxonomy":"post_tag","embeddable":true,"href":"https:\/\/viajamagazine.com\/index.php?rest_route=%2Fwp%2Fv2%2Ftags&post=30405"}],"curies":[{"name":"wp","href":"https:\/\/api.w.org\/{rel}","templated":true}]}}