{"id":30273,"date":"2025-04-21T11:50:52","date_gmt":"2025-04-21T17:50:52","guid":{"rendered":"https:\/\/viajamagazine.com\/?p=30273"},"modified":"2025-04-21T17:50:53","modified_gmt":"2025-04-21T17:50:53","slug":"alemania-frankfurt-bce-conferencia-de-prensa-recorte-de-tasas-4","status":"publish","type":"post","link":"https:\/\/viajamagazine.com\/?p=30273","title":{"rendered":"ALEMANIA-FRANKFURT-BCE-CONFERENCIA DE PRENSA-RECORTE DE TASAS"},"content":{"rendered":"<div class=\"el-scrollbar__wrap\">\n<div class=\"el-scrollbar__view\">\n<div class=\"news-content\" data-v-1eda797c=\"\">(250417) &#8212; FRANKFURT, 17 abril, 2025 (Xinhua) &#8212; Imagen del 17 de abril de 2025 de banderas de la Uni\u00f3n Europea frente a la sede del Banco Central Europeo (BCE), en Frankfurt, Alemania. El BCE decidi\u00f3 el jueves reducir las tasas de inter\u00e9s clave en 25 puntos b\u00e1sicos, situando el tipo de las facilidades de dep\u00f3sito en el 2,25 por ciento. (Xinhua\/Zhang Fan) (rtg) (ra) (vf)<\/div>\n<\/div>\n<\/div>\n<div class=\"el-scrollbar__bar is-horizontal\"><\/div>\n","protected":false},"excerpt":{"rendered":"<p>(250417) &#8212; FRANKFURT, 17 abril, 2025 (Xinhua) &#8212; Imagen del 17 de abril de 2025&#8230;<\/p>\n","protected":false},"author":1,"featured_media":30275,"comment_status":"open","ping_status":"closed","sticky":false,"template":"","format":"standard","meta":{"footnotes":""},"categories":[2],"tags":[],"class_list":["post-30273","post","type-post","status-publish","format-standard","has-post-thumbnail","hentry","category-internacional"],"_links":{"self":[{"href":"https:\/\/viajamagazine.com\/index.php?rest_route=\/wp\/v2\/posts\/30273","targetHints":{"allow":["GET"]}}],"collection":[{"href":"https:\/\/viajamagazine.com\/index.php?rest_route=\/wp\/v2\/posts"}],"about":[{"href":"https:\/\/viajamagazine.com\/index.php?rest_route=\/wp\/v2\/types\/post"}],"author":[{"embeddable":true,"href":"https:\/\/viajamagazine.com\/index.php?rest_route=\/wp\/v2\/users\/1"}],"replies":[{"embeddable":true,"href":"https:\/\/viajamagazine.com\/index.php?rest_route=%2Fwp%2Fv2%2Fcomments&post=30273"}],"version-history":[{"count":1,"href":"https:\/\/viajamagazine.com\/index.php?rest_route=\/wp\/v2\/posts\/30273\/revisions"}],"predecessor-version":[{"id":30274,"href":"https:\/\/viajamagazine.com\/index.php?rest_route=\/wp\/v2\/posts\/30273\/revisions\/30274"}],"wp:featuredmedia":[{"embeddable":true,"href":"https:\/\/viajamagazine.com\/index.php?rest_route=\/wp\/v2\/media\/30275"}],"wp:attachment":[{"href":"https:\/\/viajamagazine.com\/index.php?rest_route=%2Fwp%2Fv2%2Fmedia&parent=30273"}],"wp:term":[{"taxonomy":"category","embeddable":true,"href":"https:\/\/viajamagazine.com\/index.php?rest_route=%2Fwp%2Fv2%2Fcategories&post=30273"},{"taxonomy":"post_tag","embeddable":true,"href":"https:\/\/viajamagazine.com\/index.php?rest_route=%2Fwp%2Fv2%2Ftags&post=30273"}],"curies":[{"name":"wp","href":"https:\/\/api.w.org\/{rel}","templated":true}]}}