{"id":30270,"date":"2025-04-21T11:50:31","date_gmt":"2025-04-21T17:50:31","guid":{"rendered":"https:\/\/viajamagazine.com\/?p=30270"},"modified":"2025-04-21T17:50:32","modified_gmt":"2025-04-21T17:50:32","slug":"alemania-frankfurt-bce-conferencia-de-prensa-recorte-de-tasas-3","status":"publish","type":"post","link":"https:\/\/viajamagazine.com\/?p=30270","title":{"rendered":"ALEMANIA-FRANKFURT-BCE-CONFERENCIA DE PRENSA-RECORTE DE TASAS"},"content":{"rendered":"<div class=\"el-scrollbar__wrap\">\n<div class=\"el-scrollbar__view\">\n<div class=\"news-content\" data-v-1eda797c=\"\">(250417) &#8212; FRANKFURT, 17 abril, 2025 (Xinhua) &#8212; La presidenta del Banco Central Europeo (BCE), Christine Lagarde, habla durante una conferencia de prensa en la sede del BCE, en Frankfurt, Alemania, el 17 de abril de 2025. El BCE decidi\u00f3 el jueves reducir las tasas de inter\u00e9s clave en 25 puntos b\u00e1sicos, situando el tipo de las facilidades de dep\u00f3sito en el 2,25 por ciento. (Xinhua\/Zhang Fan) (rtg) (ra) (vf)<\/div>\n<\/div>\n<\/div>\n<div class=\"el-scrollbar__bar is-horizontal\"><\/div>\n","protected":false},"excerpt":{"rendered":"<p>(250417) &#8212; FRANKFURT, 17 abril, 2025 (Xinhua) &#8212; La presidenta del Banco Central Europeo (BCE),&#8230;<\/p>\n","protected":false},"author":1,"featured_media":30272,"comment_status":"open","ping_status":"closed","sticky":false,"template":"","format":"standard","meta":{"footnotes":""},"categories":[2],"tags":[],"class_list":["post-30270","post","type-post","status-publish","format-standard","has-post-thumbnail","hentry","category-internacional"],"_links":{"self":[{"href":"https:\/\/viajamagazine.com\/index.php?rest_route=\/wp\/v2\/posts\/30270","targetHints":{"allow":["GET"]}}],"collection":[{"href":"https:\/\/viajamagazine.com\/index.php?rest_route=\/wp\/v2\/posts"}],"about":[{"href":"https:\/\/viajamagazine.com\/index.php?rest_route=\/wp\/v2\/types\/post"}],"author":[{"embeddable":true,"href":"https:\/\/viajamagazine.com\/index.php?rest_route=\/wp\/v2\/users\/1"}],"replies":[{"embeddable":true,"href":"https:\/\/viajamagazine.com\/index.php?rest_route=%2Fwp%2Fv2%2Fcomments&post=30270"}],"version-history":[{"count":1,"href":"https:\/\/viajamagazine.com\/index.php?rest_route=\/wp\/v2\/posts\/30270\/revisions"}],"predecessor-version":[{"id":30271,"href":"https:\/\/viajamagazine.com\/index.php?rest_route=\/wp\/v2\/posts\/30270\/revisions\/30271"}],"wp:featuredmedia":[{"embeddable":true,"href":"https:\/\/viajamagazine.com\/index.php?rest_route=\/wp\/v2\/media\/30272"}],"wp:attachment":[{"href":"https:\/\/viajamagazine.com\/index.php?rest_route=%2Fwp%2Fv2%2Fmedia&parent=30270"}],"wp:term":[{"taxonomy":"category","embeddable":true,"href":"https:\/\/viajamagazine.com\/index.php?rest_route=%2Fwp%2Fv2%2Fcategories&post=30270"},{"taxonomy":"post_tag","embeddable":true,"href":"https:\/\/viajamagazine.com\/index.php?rest_route=%2Fwp%2Fv2%2Ftags&post=30270"}],"curies":[{"name":"wp","href":"https:\/\/api.w.org\/{rel}","templated":true}]}}