{"id":30240,"date":"2025-04-21T11:46:22","date_gmt":"2025-04-21T17:46:22","guid":{"rendered":"https:\/\/viajamagazine.com\/?p=30240"},"modified":"2025-04-21T17:46:23","modified_gmt":"2025-04-21T17:46:23","slug":"croacia-zagreb-primer-ministro-eslovaco-visita-2","status":"publish","type":"post","link":"https:\/\/viajamagazine.com\/?p=30240","title":{"rendered":"CROACIA-ZAGREB-PRIMER MINISTRO ESLOVACO-VISITA"},"content":{"rendered":"<div class=\"el-scrollbar__wrap\">\n<div class=\"el-scrollbar__view\">\n<div class=\"news-content\" data-v-1eda797c=\"\">(250417) &#8212; ZAGREB, 17 abril, 2025 (Xinhua) &#8212; Imagen del 16 de abril de 2025 del primer ministro croata, Andrej Plenkovic (d), recibiendo al visitante primer ministro eslovaco, Robert Fico, en Zagreb, Croacia. El visitante primer ministro eslovaco, Robert Fico, que sostuvo conversaciones el mi\u00e9rcoles con su hom\u00f3logo croata, Andrej Plenkovic, critic\u00f3 la advertencia de Kaja Kallas, alta representante de la Uni\u00f3n Europea para Asuntos Exteriores y Pol\u00edtica de Seguridad, de no viajar a Mosc\u00fa. (Xinhua\/Marko Lukunic\/PIXSELL) (da) (ra) (ce)<\/div>\n<\/div>\n<\/div>\n<div class=\"el-scrollbar__bar is-horizontal\"><\/div>\n","protected":false},"excerpt":{"rendered":"<p>(250417) &#8212; ZAGREB, 17 abril, 2025 (Xinhua) &#8212; Imagen del 16 de abril de 2025&#8230;<\/p>\n","protected":false},"author":1,"featured_media":30242,"comment_status":"open","ping_status":"closed","sticky":false,"template":"","format":"standard","meta":{"footnotes":""},"categories":[2],"tags":[],"class_list":["post-30240","post","type-post","status-publish","format-standard","has-post-thumbnail","hentry","category-internacional"],"_links":{"self":[{"href":"https:\/\/viajamagazine.com\/index.php?rest_route=\/wp\/v2\/posts\/30240","targetHints":{"allow":["GET"]}}],"collection":[{"href":"https:\/\/viajamagazine.com\/index.php?rest_route=\/wp\/v2\/posts"}],"about":[{"href":"https:\/\/viajamagazine.com\/index.php?rest_route=\/wp\/v2\/types\/post"}],"author":[{"embeddable":true,"href":"https:\/\/viajamagazine.com\/index.php?rest_route=\/wp\/v2\/users\/1"}],"replies":[{"embeddable":true,"href":"https:\/\/viajamagazine.com\/index.php?rest_route=%2Fwp%2Fv2%2Fcomments&post=30240"}],"version-history":[{"count":1,"href":"https:\/\/viajamagazine.com\/index.php?rest_route=\/wp\/v2\/posts\/30240\/revisions"}],"predecessor-version":[{"id":30241,"href":"https:\/\/viajamagazine.com\/index.php?rest_route=\/wp\/v2\/posts\/30240\/revisions\/30241"}],"wp:featuredmedia":[{"embeddable":true,"href":"https:\/\/viajamagazine.com\/index.php?rest_route=\/wp\/v2\/media\/30242"}],"wp:attachment":[{"href":"https:\/\/viajamagazine.com\/index.php?rest_route=%2Fwp%2Fv2%2Fmedia&parent=30240"}],"wp:term":[{"taxonomy":"category","embeddable":true,"href":"https:\/\/viajamagazine.com\/index.php?rest_route=%2Fwp%2Fv2%2Fcategories&post=30240"},{"taxonomy":"post_tag","embeddable":true,"href":"https:\/\/viajamagazine.com\/index.php?rest_route=%2Fwp%2Fv2%2Ftags&post=30240"}],"curies":[{"name":"wp","href":"https:\/\/api.w.org\/{rel}","templated":true}]}}