{"id":30228,"date":"2025-04-21T11:44:49","date_gmt":"2025-04-21T17:44:49","guid":{"rendered":"https:\/\/viajamagazine.com\/?p=30228"},"modified":"2025-04-21T17:44:50","modified_gmt":"2025-04-21T17:44:50","slug":"yemen-sana-ataques-aereos-eeuu-ceremonia-funeraria-3","status":"publish","type":"post","link":"https:\/\/viajamagazine.com\/?p=30228","title":{"rendered":"YEMEN-SANA-ATAQUES AEREOS EEUU-CEREMONIA FUNERARIA"},"content":{"rendered":"<div class=\"el-scrollbar__wrap\">\n<div class=\"el-scrollbar__view\">\n<div class=\"news-content\" data-v-1eda797c=\"\">(250417) &#8212; SANA, 17 abril, 2025 (Xinhua) &#8212; Personas asisten a una ceremonia funeraria, en San\u00e1, Yemen, el 17 de abril de 2025. Una ceremonia funeraria para v\u00edctimas asesinadas en los ataques a\u00e9reos estadounidenses se llev\u00f3 a cabo en San\u00e1, capital de Yemen el jueves. (Xinhua\/Mohammed Mohammed) (rtg) (ra) (ce)<\/div>\n<\/div>\n<\/div>\n<div class=\"el-scrollbar__bar is-horizontal\"><\/div>\n","protected":false},"excerpt":{"rendered":"<p>(250417) &#8212; SANA, 17 abril, 2025 (Xinhua) &#8212; Personas asisten a una ceremonia funeraria, en&#8230;<\/p>\n","protected":false},"author":1,"featured_media":30230,"comment_status":"open","ping_status":"closed","sticky":false,"template":"","format":"standard","meta":{"footnotes":""},"categories":[2],"tags":[],"class_list":["post-30228","post","type-post","status-publish","format-standard","has-post-thumbnail","hentry","category-internacional"],"_links":{"self":[{"href":"https:\/\/viajamagazine.com\/index.php?rest_route=\/wp\/v2\/posts\/30228","targetHints":{"allow":["GET"]}}],"collection":[{"href":"https:\/\/viajamagazine.com\/index.php?rest_route=\/wp\/v2\/posts"}],"about":[{"href":"https:\/\/viajamagazine.com\/index.php?rest_route=\/wp\/v2\/types\/post"}],"author":[{"embeddable":true,"href":"https:\/\/viajamagazine.com\/index.php?rest_route=\/wp\/v2\/users\/1"}],"replies":[{"embeddable":true,"href":"https:\/\/viajamagazine.com\/index.php?rest_route=%2Fwp%2Fv2%2Fcomments&post=30228"}],"version-history":[{"count":1,"href":"https:\/\/viajamagazine.com\/index.php?rest_route=\/wp\/v2\/posts\/30228\/revisions"}],"predecessor-version":[{"id":30229,"href":"https:\/\/viajamagazine.com\/index.php?rest_route=\/wp\/v2\/posts\/30228\/revisions\/30229"}],"wp:featuredmedia":[{"embeddable":true,"href":"https:\/\/viajamagazine.com\/index.php?rest_route=\/wp\/v2\/media\/30230"}],"wp:attachment":[{"href":"https:\/\/viajamagazine.com\/index.php?rest_route=%2Fwp%2Fv2%2Fmedia&parent=30228"}],"wp:term":[{"taxonomy":"category","embeddable":true,"href":"https:\/\/viajamagazine.com\/index.php?rest_route=%2Fwp%2Fv2%2Fcategories&post=30228"},{"taxonomy":"post_tag","embeddable":true,"href":"https:\/\/viajamagazine.com\/index.php?rest_route=%2Fwp%2Fv2%2Ftags&post=30228"}],"curies":[{"name":"wp","href":"https:\/\/api.w.org\/{rel}","templated":true}]}}