{"id":30219,"date":"2025-04-19T14:25:33","date_gmt":"2025-04-19T20:25:33","guid":{"rendered":"https:\/\/viajamagazine.com\/?p=30219"},"modified":"2025-04-19T20:25:34","modified_gmt":"2025-04-19T20:25:34","slug":"china-jiangsu-nanjing-salon-conmemorativo-de-los-martires-de-la-aviacion-antijaponesa-materiales-historicos-donacion","status":"publish","type":"post","link":"https:\/\/viajamagazine.com\/?p=30219","title":{"rendered":"CHINA-JIANGSU-NANJING-SALON CONMEMORATIVO DE LOS MARTIRES DE LA AVIACION ANTIJAPONESA-MATERIALES HISTORICOS-DONACION"},"content":{"rendered":"<div class=\"el-scrollbar__wrap\">\n<div class=\"el-scrollbar__view\">\n<div class=\"news-content\" data-v-1eda797c=\"\">(250417) &#8212; NANJING, 17 abril, 2025 (Xinhua) &#8212; Evan Kail, de Estados Unidos, habla durante una ceremonia de donaci\u00f3n, en el Sal\u00f3n Conmemorativo de los M\u00e1rtires de la Aviaci\u00f3n Antijaponesa de Nanjing, en Nanjing, capital de la provincia de Jiangsu, en el este de China, el 17 de abril de 2025. Evan Kail don\u00f3 diversos materiales hist\u00f3ricos al Sal\u00f3n Conmemorativo de los M\u00e1rtires de la Aviaci\u00f3n Antijaponesa de Nanjing el jueves. (Xinhua\/Li Bo) (rtg) (ra) (ce)<\/div>\n<\/div>\n<\/div>\n<div class=\"el-scrollbar__bar is-horizontal\"><\/div>\n","protected":false},"excerpt":{"rendered":"<p>(250417) &#8212; NANJING, 17 abril, 2025 (Xinhua) &#8212; Evan Kail, de Estados Unidos, habla durante&#8230;<\/p>\n","protected":false},"author":1,"featured_media":30221,"comment_status":"open","ping_status":"closed","sticky":false,"template":"","format":"standard","meta":{"footnotes":""},"categories":[2],"tags":[],"class_list":["post-30219","post","type-post","status-publish","format-standard","has-post-thumbnail","hentry","category-internacional"],"_links":{"self":[{"href":"https:\/\/viajamagazine.com\/index.php?rest_route=\/wp\/v2\/posts\/30219","targetHints":{"allow":["GET"]}}],"collection":[{"href":"https:\/\/viajamagazine.com\/index.php?rest_route=\/wp\/v2\/posts"}],"about":[{"href":"https:\/\/viajamagazine.com\/index.php?rest_route=\/wp\/v2\/types\/post"}],"author":[{"embeddable":true,"href":"https:\/\/viajamagazine.com\/index.php?rest_route=\/wp\/v2\/users\/1"}],"replies":[{"embeddable":true,"href":"https:\/\/viajamagazine.com\/index.php?rest_route=%2Fwp%2Fv2%2Fcomments&post=30219"}],"version-history":[{"count":1,"href":"https:\/\/viajamagazine.com\/index.php?rest_route=\/wp\/v2\/posts\/30219\/revisions"}],"predecessor-version":[{"id":30220,"href":"https:\/\/viajamagazine.com\/index.php?rest_route=\/wp\/v2\/posts\/30219\/revisions\/30220"}],"wp:featuredmedia":[{"embeddable":true,"href":"https:\/\/viajamagazine.com\/index.php?rest_route=\/wp\/v2\/media\/30221"}],"wp:attachment":[{"href":"https:\/\/viajamagazine.com\/index.php?rest_route=%2Fwp%2Fv2%2Fmedia&parent=30219"}],"wp:term":[{"taxonomy":"category","embeddable":true,"href":"https:\/\/viajamagazine.com\/index.php?rest_route=%2Fwp%2Fv2%2Fcategories&post=30219"},{"taxonomy":"post_tag","embeddable":true,"href":"https:\/\/viajamagazine.com\/index.php?rest_route=%2Fwp%2Fv2%2Ftags&post=30219"}],"curies":[{"name":"wp","href":"https:\/\/api.w.org\/{rel}","templated":true}]}}