{"id":30201,"date":"2025-04-19T14:21:43","date_gmt":"2025-04-19T20:21:43","guid":{"rendered":"https:\/\/viajamagazine.com\/?p=30201"},"modified":"2025-04-19T20:21:44","modified_gmt":"2025-04-19T20:21:44","slug":"china-unesco-registro-de-la-memoria-del-mundo-3","status":"publish","type":"post","link":"https:\/\/viajamagazine.com\/?p=30201","title":{"rendered":"CHINA-UNESCO-REGISTRO DE LA MEMORIA DEL MUNDO"},"content":{"rendered":"<div class=\"el-scrollbar__wrap\">\n<div class=\"el-scrollbar__view\">\n<div class=\"news-content\" data-v-1eda797c=\"\">(250417) &#8212; BEIJING, 17 abril, 2025 (Xinhua) &#8212; El Bianzhong del Marqu\u00e9s Yi de Zeng es visto en el Museo Provincial de Hubei, en Wuhan, en la provincia de Hubei, en el centro de China, el 17 de abril de 2025. Tres colecciones de patrimonio documental presentadas por China han sido inscritas en el Registro de la Memoria del Mundo de la UNESCO, anunci\u00f3 el jueves la Organizaci\u00f3n de las Naciones Unidas para la Educaci\u00f3n, la Ciencia y la Cultura. Entre las 74 nuevas entradas agregadas, China contribuy\u00f3 con dos presentaciones individuales: el Bianzhong del Marqu\u00e9s Yi de Zeng y las Estelas del Templo Shaolin, as\u00ed como una presentaci\u00f3n conjunta con Sri Lanka: la Inscripci\u00f3n Triling\u00fce. (Xinhua\/Xiao Yijiu) (rtg) (ra) (vf)<\/div>\n<\/div>\n<\/div>\n<div class=\"el-scrollbar__bar is-horizontal\"><\/div>\n","protected":false},"excerpt":{"rendered":"<p>(250417) &#8212; BEIJING, 17 abril, 2025 (Xinhua) &#8212; El Bianzhong del Marqu\u00e9s Yi de Zeng&#8230;<\/p>\n","protected":false},"author":1,"featured_media":30203,"comment_status":"open","ping_status":"closed","sticky":false,"template":"","format":"standard","meta":{"footnotes":""},"categories":[2],"tags":[],"class_list":["post-30201","post","type-post","status-publish","format-standard","has-post-thumbnail","hentry","category-internacional"],"_links":{"self":[{"href":"https:\/\/viajamagazine.com\/index.php?rest_route=\/wp\/v2\/posts\/30201","targetHints":{"allow":["GET"]}}],"collection":[{"href":"https:\/\/viajamagazine.com\/index.php?rest_route=\/wp\/v2\/posts"}],"about":[{"href":"https:\/\/viajamagazine.com\/index.php?rest_route=\/wp\/v2\/types\/post"}],"author":[{"embeddable":true,"href":"https:\/\/viajamagazine.com\/index.php?rest_route=\/wp\/v2\/users\/1"}],"replies":[{"embeddable":true,"href":"https:\/\/viajamagazine.com\/index.php?rest_route=%2Fwp%2Fv2%2Fcomments&post=30201"}],"version-history":[{"count":1,"href":"https:\/\/viajamagazine.com\/index.php?rest_route=\/wp\/v2\/posts\/30201\/revisions"}],"predecessor-version":[{"id":30202,"href":"https:\/\/viajamagazine.com\/index.php?rest_route=\/wp\/v2\/posts\/30201\/revisions\/30202"}],"wp:featuredmedia":[{"embeddable":true,"href":"https:\/\/viajamagazine.com\/index.php?rest_route=\/wp\/v2\/media\/30203"}],"wp:attachment":[{"href":"https:\/\/viajamagazine.com\/index.php?rest_route=%2Fwp%2Fv2%2Fmedia&parent=30201"}],"wp:term":[{"taxonomy":"category","embeddable":true,"href":"https:\/\/viajamagazine.com\/index.php?rest_route=%2Fwp%2Fv2%2Fcategories&post=30201"},{"taxonomy":"post_tag","embeddable":true,"href":"https:\/\/viajamagazine.com\/index.php?rest_route=%2Fwp%2Fv2%2Ftags&post=30201"}],"curies":[{"name":"wp","href":"https:\/\/api.w.org\/{rel}","templated":true}]}}