{"id":30086,"date":"2025-04-19T13:59:13","date_gmt":"2025-04-19T19:59:13","guid":{"rendered":"https:\/\/viajamagazine.com\/?p=30086"},"modified":"2025-04-19T19:59:14","modified_gmt":"2025-04-19T19:59:14","slug":"nuevo-ataque-terrorista-en-colombia-deja-dos-muertos-y-al-menos-20-heridos","status":"publish","type":"post","link":"https:\/\/viajamagazine.com\/?p=30086","title":{"rendered":"Nuevo ataque terrorista en Colombia deja dos muertos y al menos 20 heridos"},"content":{"rendered":"<p>BOGOT\u00c1, 17 abr (Xinhua) &#8212; El gobernador del departamento colombiano de Huila, Rodrigo Villalba, confirm\u00f3 este jueves un nuevo atentado con explosivos en inmediaciones de una estaci\u00f3n de Polic\u00eda en el municipio de La Plata (suroeste), que deja dos civiles muertos y al menos 20 heridos. El director de la Polic\u00eda Nacional, Carlos Fernando Triana, se\u00f1al\u00f3 que \u00abestas acciones demenciales son la reacci\u00f3n desesperada ante las contundentes acciones operativas desarrolladas contra alias Iv\u00e1n Mordisco\u00bb. Triana asegur\u00f3 que la Fuerza P\u00fablica no se detendr\u00e1 hasta dar con el paradero de N\u00e9stor Gregorio Vera, alias \u00abIv\u00e1n Mordisco\u00bb, m\u00e1ximo cabecilla de las disidencias de las FARC, grupo armado responsable de la escalada terrorista de las \u00faltimas 24 horas en los departamentos de Huila y Cauca. En las \u00faltimas horas en esta zona del pa\u00eds fue abatido Jhon Medina, alias \u00abTornillo\u00bb, jefe de finanzas del Frente Rodrigo Cadete de las disidencias de las FARC. La Oficina de Derechos Humanos de las Naciones Unidas en Colombia conden\u00f3 la serie de atentados en el Cauca que dejaron dos civiles muertos y varios heridos, incluyendo a un miembro del Ej\u00e9rcito. Fin<\/p>\n","protected":false},"excerpt":{"rendered":"<p>BOGOT\u00c1, 17 abr (Xinhua) &#8212; El gobernador del departamento colombiano de Huila, Rodrigo Villalba, confirm\u00f3&#8230;<\/p>\n","protected":false},"author":1,"featured_media":0,"comment_status":"open","ping_status":"closed","sticky":false,"template":"","format":"standard","meta":{"footnotes":""},"categories":[2],"tags":[],"class_list":["post-30086","post","type-post","status-publish","format-standard","hentry","category-internacional"],"_links":{"self":[{"href":"https:\/\/viajamagazine.com\/index.php?rest_route=\/wp\/v2\/posts\/30086","targetHints":{"allow":["GET"]}}],"collection":[{"href":"https:\/\/viajamagazine.com\/index.php?rest_route=\/wp\/v2\/posts"}],"about":[{"href":"https:\/\/viajamagazine.com\/index.php?rest_route=\/wp\/v2\/types\/post"}],"author":[{"embeddable":true,"href":"https:\/\/viajamagazine.com\/index.php?rest_route=\/wp\/v2\/users\/1"}],"replies":[{"embeddable":true,"href":"https:\/\/viajamagazine.com\/index.php?rest_route=%2Fwp%2Fv2%2Fcomments&post=30086"}],"version-history":[{"count":1,"href":"https:\/\/viajamagazine.com\/index.php?rest_route=\/wp\/v2\/posts\/30086\/revisions"}],"predecessor-version":[{"id":30087,"href":"https:\/\/viajamagazine.com\/index.php?rest_route=\/wp\/v2\/posts\/30086\/revisions\/30087"}],"wp:attachment":[{"href":"https:\/\/viajamagazine.com\/index.php?rest_route=%2Fwp%2Fv2%2Fmedia&parent=30086"}],"wp:term":[{"taxonomy":"category","embeddable":true,"href":"https:\/\/viajamagazine.com\/index.php?rest_route=%2Fwp%2Fv2%2Fcategories&post=30086"},{"taxonomy":"post_tag","embeddable":true,"href":"https:\/\/viajamagazine.com\/index.php?rest_route=%2Fwp%2Fv2%2Ftags&post=30086"}],"curies":[{"name":"wp","href":"https:\/\/api.w.org\/{rel}","templated":true}]}}