{"id":30082,"date":"2025-04-19T13:58:32","date_gmt":"2025-04-19T19:58:32","guid":{"rendered":"https:\/\/viajamagazine.com\/?p=30082"},"modified":"2025-04-19T19:58:33","modified_gmt":"2025-04-19T19:58:33","slug":"bolivia-envia-primera-carga-de-exportacion-de-chia-al-mercado-de-china","status":"publish","type":"post","link":"https:\/\/viajamagazine.com\/?p=30082","title":{"rendered":"Bolivia env\u00eda primera carga de exportaci\u00f3n de ch\u00eda al mercado de China"},"content":{"rendered":"<p>LA PAZ, 17 abr (Xinhua) &#8212; En un hecho calificado como hist\u00f3rico por el propio presidente Luis Arce, Bolivia concret\u00f3 este jueves el primer env\u00edo de exportaci\u00f3n de ch\u00eda al mercado chino, marcando el inicio de una nueva etapa comercial y consolidando a\u00f1os de gestiones diplom\u00e1ticas y esfuerzo p\u00fablico-privado. El presidente Arce fue el encargado de liderar el despacho del primer cargamento, compuesto por 25 toneladas del grano boliviano, que parti\u00f3 desde el parque industrial del municipio de Warnes, en el departamento de Santa Cruz (este). El acto oficial tuvo lugar en las instalaciones de la empresa Agropecuaria Ch\u00eda Corp. Bolivia S.A., una de las m\u00e1s de 10 compa\u00f1\u00edas nacionales que ya se preparan para exportar su producci\u00f3n a uno de los pa\u00edses m\u00e1s poblados del mundo. \u00abEn un hito hist\u00f3rico y muy importante para Bolivia, hoy enviamos el primer contenedor de semillas de ch\u00eda boliviana directamente a China, con lo que consolidamos la apertura de un nuevo mercado con enorme potencial para los productos bolivianos\u00bb, destac\u00f3. A decir de Arce, no hay l\u00edmites para la exportaci\u00f3n de la ch\u00eda. \u00abEstados Unidos impuso aranceles del 10 por ciento, pero ahora tenemos acceso a un mercado donde no se han fijado barreras\u00bb, asever\u00f3 Arce, al destacar que este paso representa no solo una oportunidad comercial, sino tambi\u00e9n una redefinici\u00f3n geopol\u00edtica, pues dijo que Am\u00e9rica Latina ya no ser\u00e1 m\u00e1s el patio trasero de los Estados Unidos. El acceso al mercado chino para la ch\u00eda boliviana fue el resultado de un proceso que se extendi\u00f3 por casi seis a\u00f1os. Si bien los productores iniciaron gestiones de forma aut\u00f3noma en 2019, fue reci\u00e9n en 2021 cuando el Gobierno asumi\u00f3 la tarea formalmente. La apertura definitiva se logr\u00f3 el 29 de noviembre de 2024. La ch\u00eda, valorada globalmente por su alto contenido de omega 3 y propiedades nutricionales, se convierte as\u00ed en una de las nuevas apuestas del agro boliviano para diversificar sus exportaciones. Adem\u00e1s, se confirm\u00f3 durante el acto que China tambi\u00e9n habilit\u00f3 el ingreso del sorgo boliviano, ampliando las oportunidades para el sector agr\u00edcola. \u00abHay una pol\u00edtica exterior muy clara del Gobierno nacional de orientarse hacia los BRICS. Este es un logro que otros pa\u00edses de la regi\u00f3n a\u00fan no han podido conseguir\u00bb, afirm\u00f3 el mandatario. Por su lado, el representante de Ch\u00eda Corp, Julio Noguera, asegur\u00f3 que este primer embarque generar\u00e1 una mayor inversi\u00f3n y empleo en Santa Cruz, mientras que Edmundo Juan Ferell, productor de ch\u00eda, valor\u00f3 el apoyo del Estado como fundamental para oxigenar al sector. \u00abNo podemos hacer nada solos, necesitamos seguir trabajando juntos\u00bb, enfatiz\u00f3. El embajador de China en Bolivia, Wang Liang, ratific\u00f3 el fortalecimiento de las relaciones comerciales bilaterales y anticip\u00f3 que la apertura a productos como el s\u00e9samo y otros cultivos bolivianos est\u00e1 en proceso. Reconoci\u00f3 la calidad de la ch\u00eda boliviana y su alto valor nutricional. \u00abEstamos satisfechos de fortalecer nuestras relaciones comerciales con Bolivia, un socio confiable y estrat\u00e9gico\u00bb, manifest\u00f3 durante el acto, reforzando el compromiso entre ambas naciones. Fin<\/p>\n","protected":false},"excerpt":{"rendered":"<p>LA PAZ, 17 abr (Xinhua) &#8212; En un hecho calificado como hist\u00f3rico por el propio&#8230;<\/p>\n","protected":false},"author":1,"featured_media":0,"comment_status":"open","ping_status":"closed","sticky":false,"template":"","format":"standard","meta":{"footnotes":""},"categories":[2],"tags":[],"class_list":["post-30082","post","type-post","status-publish","format-standard","hentry","category-internacional"],"_links":{"self":[{"href":"https:\/\/viajamagazine.com\/index.php?rest_route=\/wp\/v2\/posts\/30082","targetHints":{"allow":["GET"]}}],"collection":[{"href":"https:\/\/viajamagazine.com\/index.php?rest_route=\/wp\/v2\/posts"}],"about":[{"href":"https:\/\/viajamagazine.com\/index.php?rest_route=\/wp\/v2\/types\/post"}],"author":[{"embeddable":true,"href":"https:\/\/viajamagazine.com\/index.php?rest_route=\/wp\/v2\/users\/1"}],"replies":[{"embeddable":true,"href":"https:\/\/viajamagazine.com\/index.php?rest_route=%2Fwp%2Fv2%2Fcomments&post=30082"}],"version-history":[{"count":1,"href":"https:\/\/viajamagazine.com\/index.php?rest_route=\/wp\/v2\/posts\/30082\/revisions"}],"predecessor-version":[{"id":30083,"href":"https:\/\/viajamagazine.com\/index.php?rest_route=\/wp\/v2\/posts\/30082\/revisions\/30083"}],"wp:attachment":[{"href":"https:\/\/viajamagazine.com\/index.php?rest_route=%2Fwp%2Fv2%2Fmedia&parent=30082"}],"wp:term":[{"taxonomy":"category","embeddable":true,"href":"https:\/\/viajamagazine.com\/index.php?rest_route=%2Fwp%2Fv2%2Fcategories&post=30082"},{"taxonomy":"post_tag","embeddable":true,"href":"https:\/\/viajamagazine.com\/index.php?rest_route=%2Fwp%2Fv2%2Ftags&post=30082"}],"curies":[{"name":"wp","href":"https:\/\/api.w.org\/{rel}","templated":true}]}}