{"id":30052,"date":"2025-04-19T13:47:06","date_gmt":"2025-04-19T19:47:06","guid":{"rendered":"https:\/\/viajamagazine.com\/?p=30052"},"modified":"2025-04-19T19:47:07","modified_gmt":"2025-04-19T19:47:07","slug":"ministro-brasileno-de-agricultura-afirma-que-proteccionismo-de-eeuu-induce-a-fortalecimiento-de-brics","status":"publish","type":"post","link":"https:\/\/viajamagazine.com\/?p=30052","title":{"rendered":"Ministro brasile\u00f1o de Agricultura afirma que proteccionismo de EEUU induce a fortalecimiento de BRICS"},"content":{"rendered":"<p>BRASILIA, 17 abr (Xinhua) &#8212; El proteccionismo sin precedentes del Gobierno de Estados Unidos lleva a los pa\u00edses del grupo BRICS a fortalecer el bloque y buscar nuevas oportunidades, afirm\u00f3 hoy jueves el ministro brasile\u00f1o de Agricultura, Carlos F\u00e1varo. F\u00e1varo encabez\u00f3 la apertura de la Reuni\u00f3n Ministerial del Grupo de Trabajo de Agricultura del BRICS, realizada jueves en el Palacio de Itamaraty, sede de la canciller\u00eda en Brasilia, con representantes de los 11 miembros del grupo. Seg\u00fan el ministro, aunque los aranceles estadounidenses no fueron el centro de la reuni\u00f3n, el tema impregn\u00f3 parte de las discusiones. \u00abObviamente, esto nos motiva a\u00fan m\u00e1s a fortalecer este bloque geopol\u00edtico. La afrenta en este momento por parte del Gobierno de Estados Unidos y el proteccionismo sin precedentes ciertamente nos induce a fortalecer el bloque y buscar nuevas oportunidades\u00bb, afirm\u00f3. Con el 30 por ciento de las tierras agr\u00edcolas del mundo, el 30 por ciento de la pesca extractiva, el 70 por ciento de la producci\u00f3n acu\u00edcola y aproximadamente el 50 por ciento de la poblaci\u00f3n mundial, los pa\u00edses BRICS ocupan una posici\u00f3n estrat\u00e9gica en la seguridad alimentaria mundial. Juntos albergan m\u00e1s de la mitad de los 550 millones de explotaciones agr\u00edcolas familiares del mundo, responsables de alrededor del 80 por ciento de la producci\u00f3n de alimentos en t\u00e9rminos de valor. F\u00e1varo subray\u00f3 que el bloque tiene la responsabilidad de liderar una agenda internacional centrada en la producci\u00f3n sostenible de alimentos, la justicia social en el campo y la innovaci\u00f3n tecnol\u00f3gica adaptada a las realidades del Sur Global. \u00abEl futuro de la agricultura est\u00e1 directamente vinculado a la capacidad de nuestros pa\u00edses para innovar con equidad, producir con responsabilidad y cooperar con confianza\u00bb, afirm\u00f3. \u00abEl BRICS tiene una responsabilidad creciente en la arquitectura de la seguridad alimentaria mundial. Somos l\u00edderes en la producci\u00f3n de cereales, carne, fertilizantes y fibras\u00bb, a\u00f1adi\u00f3. Durante la reuni\u00f3n, los pa\u00edses firmaron una serie de compromisos que forman la base de la nueva Declaraci\u00f3n Ministerial de Agricultura del BRICS, reforzando la cooperaci\u00f3n entre los pa\u00edses en cuestiones estrat\u00e9gicas. Reafirmaron su compromiso con la Alianza Global contra el Hambre y la Pobreza, promoviendo la cooperaci\u00f3n internacional y las pol\u00edticas p\u00fablicas dirigidas a reducir la inseguridad alimentaria. Se destac\u00f3 el papel de los agricultores familiares, los pueblos ind\u00edgenas y las comunidades locales en la producci\u00f3n de alimentos, la generaci\u00f3n de ingresos en las zonas rurales y la gesti\u00f3n sostenible de los recursos naturales. Los ministros lanzaron una iniciativa conjunta para promover la recuperaci\u00f3n de zonas degradadas centr\u00e1ndose en la agricultura sostenible, los bosques plantados y la seguridad alimentaria. La asociaci\u00f3n tambi\u00e9n pretende reforzar la investigaci\u00f3n sobre la degradaci\u00f3n del suelo y las soluciones t\u00e9cnicas, as\u00ed como estimular la financiaci\u00f3n por parte de los bancos de desarrollo y el sector privado. Los pa\u00edses subrayaron la importancia de ampliar la producci\u00f3n y difusi\u00f3n de maquinaria y equipos adaptados a la realidad de la agricultura familiar, fomentando la organizaci\u00f3n colectiva a trav\u00e9s de cooperativas y asociaciones. Avanzaron las discusiones sobre la creaci\u00f3n de un Mecanismo de Financiaci\u00f3n de Importaciones de Alimentos, inspirado en la FAO, como forma de apoyo a los pa\u00edses en desarrollo. Tambi\u00e9n se apoy\u00f3 la propuesta de crear una Bolsa de Cereales BRICS, para facilitar el comercio intrabloque basado en pr\u00e1cticas sostenibles, justas y alineadas con los Objetivos de Desarrollo Sostenible (ODS). Se inici\u00f3 el proceso de negociaci\u00f3n del nuevo Plan de Acci\u00f3n de Cooperaci\u00f3n Agr\u00edcola BRICS 2025-2028, que consolidar\u00e1 y har\u00e1 operativos los compromisos adquiridos durante la reuni\u00f3n El ministro Carlos F\u00e1varo reforz\u00f3 su invitaci\u00f3n a los pa\u00edses BRICS a participar en la 30\u00aa Conferencia de las Naciones Unidas sobre el Cambio Clim\u00e1tico (COP 30), que se celebrar\u00e1 en noviembre en la ciudad de Bel\u00e9m, en la regi\u00f3n amaz\u00f3nica. Seg\u00fan \u00e9l, la COP ser\u00e1 una oportunidad hist\u00f3rica para integrar las agendas de agricultura, clima y desarrollo sostenible, con protagonismo de los pa\u00edses del Sur global. Fin<\/p>\n","protected":false},"excerpt":{"rendered":"<p>BRASILIA, 17 abr (Xinhua) &#8212; El proteccionismo sin precedentes del Gobierno de Estados Unidos lleva&#8230;<\/p>\n","protected":false},"author":1,"featured_media":0,"comment_status":"open","ping_status":"closed","sticky":false,"template":"","format":"standard","meta":{"footnotes":""},"categories":[2],"tags":[],"class_list":["post-30052","post","type-post","status-publish","format-standard","hentry","category-internacional"],"_links":{"self":[{"href":"https:\/\/viajamagazine.com\/index.php?rest_route=\/wp\/v2\/posts\/30052","targetHints":{"allow":["GET"]}}],"collection":[{"href":"https:\/\/viajamagazine.com\/index.php?rest_route=\/wp\/v2\/posts"}],"about":[{"href":"https:\/\/viajamagazine.com\/index.php?rest_route=\/wp\/v2\/types\/post"}],"author":[{"embeddable":true,"href":"https:\/\/viajamagazine.com\/index.php?rest_route=\/wp\/v2\/users\/1"}],"replies":[{"embeddable":true,"href":"https:\/\/viajamagazine.com\/index.php?rest_route=%2Fwp%2Fv2%2Fcomments&post=30052"}],"version-history":[{"count":1,"href":"https:\/\/viajamagazine.com\/index.php?rest_route=\/wp\/v2\/posts\/30052\/revisions"}],"predecessor-version":[{"id":30053,"href":"https:\/\/viajamagazine.com\/index.php?rest_route=\/wp\/v2\/posts\/30052\/revisions\/30053"}],"wp:attachment":[{"href":"https:\/\/viajamagazine.com\/index.php?rest_route=%2Fwp%2Fv2%2Fmedia&parent=30052"}],"wp:term":[{"taxonomy":"category","embeddable":true,"href":"https:\/\/viajamagazine.com\/index.php?rest_route=%2Fwp%2Fv2%2Fcategories&post=30052"},{"taxonomy":"post_tag","embeddable":true,"href":"https:\/\/viajamagazine.com\/index.php?rest_route=%2Fwp%2Fv2%2Ftags&post=30052"}],"curies":[{"name":"wp","href":"https:\/\/api.w.org\/{rel}","templated":true}]}}