{"id":29962,"date":"2025-04-19T13:15:21","date_gmt":"2025-04-19T19:15:21","guid":{"rendered":"https:\/\/viajamagazine.com\/?p=29962"},"modified":"2025-04-19T19:15:22","modified_gmt":"2025-04-19T19:15:22","slug":"primer-ministro-australiano-promete-defender-intereses-nacionales-frente-a-trump-en-materia-comercial","status":"publish","type":"post","link":"https:\/\/viajamagazine.com\/?p=29962","title":{"rendered":"Primer ministro australiano promete defender intereses nacionales frente a Trump en materia comercial"},"content":{"rendered":"<p>CANBERRA, 17 abr (Xinhua) &#8212; El primer ministro australiano, Anthony Albanese, asegur\u00f3 que defender\u00e1 los intereses nacionales en respuesta a los aranceles de Estados Unidos, durante el segundo debate de l\u00edderes de la campa\u00f1a electoral. Albanese, l\u00edder del gobernante Partido Laborista, y el l\u00edder de la Coalici\u00f3n de la oposici\u00f3n, Peter Dutton, se enfrentaron el mi\u00e9rcoles por la noche por segunda vez en la campa\u00f1a para las elecciones del 3 de mayo en un debate que se centr\u00f3 principalmente en asuntos internos. Los candidatos fueron preguntados sobre c\u00f3mo negociar\u00edan con el presidente de Estados Unidos, Donald Trump, la imposici\u00f3n de un arancel del 10 por ciento a las importaciones procedentes de Australia. Albanese afirm\u00f3 que el Gobierno ha \u00abpresentado una propuesta\u00bb a Estados Unidos, pero que no ceder\u00e1 en las leyes farmac\u00e9uticas, de bioseguridad o de medios de comunicaci\u00f3n que la Administraci\u00f3n Trump ha identificado como motivos de disputa comercial. \u00abDefenderemos los intereses nacionales de Australia\u00bb, dijo. A\u00f1adi\u00f3 que Australia ha dejado \u00abmuy claro\u00bb que los aranceles son un acto de \u00abautolesi\u00f3n por parte de Estados Unidos\u00bb. Fin<\/p>\n","protected":false},"excerpt":{"rendered":"<p>CANBERRA, 17 abr (Xinhua) &#8212; El primer ministro australiano, Anthony Albanese, asegur\u00f3 que defender\u00e1 los&#8230;<\/p>\n","protected":false},"author":1,"featured_media":0,"comment_status":"open","ping_status":"closed","sticky":false,"template":"","format":"standard","meta":{"footnotes":""},"categories":[2],"tags":[],"class_list":["post-29962","post","type-post","status-publish","format-standard","hentry","category-internacional"],"_links":{"self":[{"href":"https:\/\/viajamagazine.com\/index.php?rest_route=\/wp\/v2\/posts\/29962","targetHints":{"allow":["GET"]}}],"collection":[{"href":"https:\/\/viajamagazine.com\/index.php?rest_route=\/wp\/v2\/posts"}],"about":[{"href":"https:\/\/viajamagazine.com\/index.php?rest_route=\/wp\/v2\/types\/post"}],"author":[{"embeddable":true,"href":"https:\/\/viajamagazine.com\/index.php?rest_route=\/wp\/v2\/users\/1"}],"replies":[{"embeddable":true,"href":"https:\/\/viajamagazine.com\/index.php?rest_route=%2Fwp%2Fv2%2Fcomments&post=29962"}],"version-history":[{"count":1,"href":"https:\/\/viajamagazine.com\/index.php?rest_route=\/wp\/v2\/posts\/29962\/revisions"}],"predecessor-version":[{"id":29963,"href":"https:\/\/viajamagazine.com\/index.php?rest_route=\/wp\/v2\/posts\/29962\/revisions\/29963"}],"wp:attachment":[{"href":"https:\/\/viajamagazine.com\/index.php?rest_route=%2Fwp%2Fv2%2Fmedia&parent=29962"}],"wp:term":[{"taxonomy":"category","embeddable":true,"href":"https:\/\/viajamagazine.com\/index.php?rest_route=%2Fwp%2Fv2%2Fcategories&post=29962"},{"taxonomy":"post_tag","embeddable":true,"href":"https:\/\/viajamagazine.com\/index.php?rest_route=%2Fwp%2Fv2%2Ftags&post=29962"}],"curies":[{"name":"wp","href":"https:\/\/api.w.org\/{rel}","templated":true}]}}