{"id":29958,"date":"2025-04-19T13:14:48","date_gmt":"2025-04-19T19:14:48","guid":{"rendered":"https:\/\/viajamagazine.com\/?p=29958"},"modified":"2025-04-19T19:14:49","modified_gmt":"2025-04-19T19:14:49","slug":"canciller-irani-hace-hincapie-en-la-continuidad-de-la-cooperacion-con-el-oiea","status":"publish","type":"post","link":"https:\/\/viajamagazine.com\/?p=29958","title":{"rendered":"Canciller iran\u00ed hace hincapi\u00e9 en la continuidad de la cooperaci\u00f3n con el OIEA"},"content":{"rendered":"<p>TEHER\u00c1N, 17 abr (Xinhua) &#8212; El ministro de Relaciones Exteriores de Ir\u00e1n, Seyed Abbas Araghchi, destac\u00f3 la determinaci\u00f3n de Teher\u00e1n de continuar la cooperaci\u00f3n con el Organismo Internacional de Energ\u00eda At\u00f3mica (OIEA). Durante su reuni\u00f3n con el director general del OIEA, Rafael Grossi, quien se encuentra de visita en el pa\u00eds, ambas partes intercambiaron opiniones sobre la cooperaci\u00f3n entre Ir\u00e1n y el organismo, as\u00ed como sobre las conversaciones indirectas entre Teher\u00e1n y Estados Unidos en torno al programa nuclear iran\u00ed, seg\u00fan un comunicado del Ministerio de Relaciones Exteriores iran\u00ed. Araghchi inform\u00f3 a Grossi de sus conversaciones indirectas con el enviado especial de Estados Unidos para Oriente Medio, Steve Witkoff, sobre la cuesti\u00f3n nuclear y las sanciones de Washington en Teher\u00e1n. Araghchi inst\u00f3 al OIEA a desempe\u00f1ar un papel profesional a pesar de las presiones \u00abinjustificadas\u00bb de ciertas partes, dijo el comunicado. El jefe del OIEA, por su parte, subray\u00f3 la importancia de continuar la interacci\u00f3n y la cooperaci\u00f3n con Ir\u00e1n, as\u00ed como las consultas con otras partes para crear un ambiente adecuado que ayude a resolver los problemas actuales. Salud\u00f3 el inicio de las conversaciones indirectas entre Ir\u00e1n y Estados Unidos, expresando el pleno apoyo del organismo al proceso diplom\u00e1tico. Grossi lleg\u00f3 a Teher\u00e1n el mi\u00e9rcoles por la noche para conversar con altos funcionarios iran\u00edes. Su viaje se produjo antes de la segunda ronda de conversaciones indirectas entre Teher\u00e1n y Washington, que Ir\u00e1n ha confirmado que se celebrar\u00e1 este fin de semana en Roma. La primera ronda de conversaciones indirectas se llev\u00f3 a cabo en Mascate, capital de Om\u00e1n, la semana pasada. Ir\u00e1n firm\u00f3 un acuerdo nuclear, formalmente conocido como el Plan de Acci\u00f3n Integral Conjunto, con seis pa\u00edses importantes (Reino Unido, China, Francia, Alemania, Rusia y Estados Unidos) en julio de 2015, aceptando restricciones a su programa nuclear a cambio de un alivio de las sanciones. Sin embargo, Estados Unidos se retir\u00f3 del acuerdo en mayo de 2018 y reinstaur\u00f3 las sanciones, lo que llev\u00f3 a Ir\u00e1n a reducir algunos de sus compromisos nucleares. Los esfuerzos para revivir el acuerdo nuclear no han logrado avances sustanciales. Fin<\/p>\n","protected":false},"excerpt":{"rendered":"<p>TEHER\u00c1N, 17 abr (Xinhua) &#8212; El ministro de Relaciones Exteriores de Ir\u00e1n, Seyed Abbas Araghchi,&#8230;<\/p>\n","protected":false},"author":1,"featured_media":0,"comment_status":"open","ping_status":"closed","sticky":false,"template":"","format":"standard","meta":{"footnotes":""},"categories":[2],"tags":[],"class_list":["post-29958","post","type-post","status-publish","format-standard","hentry","category-internacional"],"_links":{"self":[{"href":"https:\/\/viajamagazine.com\/index.php?rest_route=\/wp\/v2\/posts\/29958","targetHints":{"allow":["GET"]}}],"collection":[{"href":"https:\/\/viajamagazine.com\/index.php?rest_route=\/wp\/v2\/posts"}],"about":[{"href":"https:\/\/viajamagazine.com\/index.php?rest_route=\/wp\/v2\/types\/post"}],"author":[{"embeddable":true,"href":"https:\/\/viajamagazine.com\/index.php?rest_route=\/wp\/v2\/users\/1"}],"replies":[{"embeddable":true,"href":"https:\/\/viajamagazine.com\/index.php?rest_route=%2Fwp%2Fv2%2Fcomments&post=29958"}],"version-history":[{"count":1,"href":"https:\/\/viajamagazine.com\/index.php?rest_route=\/wp\/v2\/posts\/29958\/revisions"}],"predecessor-version":[{"id":29959,"href":"https:\/\/viajamagazine.com\/index.php?rest_route=\/wp\/v2\/posts\/29958\/revisions\/29959"}],"wp:attachment":[{"href":"https:\/\/viajamagazine.com\/index.php?rest_route=%2Fwp%2Fv2%2Fmedia&parent=29958"}],"wp:term":[{"taxonomy":"category","embeddable":true,"href":"https:\/\/viajamagazine.com\/index.php?rest_route=%2Fwp%2Fv2%2Fcategories&post=29958"},{"taxonomy":"post_tag","embeddable":true,"href":"https:\/\/viajamagazine.com\/index.php?rest_route=%2Fwp%2Fv2%2Ftags&post=29958"}],"curies":[{"name":"wp","href":"https:\/\/api.w.org\/{rel}","templated":true}]}}