{"id":29950,"date":"2025-04-19T12:18:17","date_gmt":"2025-04-19T18:18:17","guid":{"rendered":"https:\/\/viajamagazine.com\/?p=29950"},"modified":"2025-04-19T18:18:18","modified_gmt":"2025-04-19T18:18:18","slug":"roma-acogera-segunda-ronda-de-conversaciones-indirectas-entre-iran-y-ee-uu-segun-funcionario-irani","status":"publish","type":"post","link":"https:\/\/viajamagazine.com\/?p=29950","title":{"rendered":"Roma acoger\u00e1 segunda ronda de conversaciones indirectas entre Ir\u00e1n y EE. UU., seg\u00fan funcionario iran\u00ed"},"content":{"rendered":"<p>TEHER\u00c1N, 17 abr (Xinhua) &#8212; Roma, capital de Italia, ser\u00e1 la sede de la segunda ronda de negociaciones indirectas entre Teher\u00e1n y Washington, dijo el viceministro de Relaciones Exteriores de Ir\u00e1n, Kazem Gharibabadi. \u00abHasta este momento, no hemos recibido ninguna nueva solicitud de la otra parte para cambiar la ubicaci\u00f3n de las negociaciones y Roma ser\u00e1 la sede de la segunda ronda\u00bb, dijo Gharibabadi en una entrevista televisada en vivo el mi\u00e9rcoles. El lugar de las conversaciones no era un tema delicado para la parte iran\u00ed. \u00abDebemos concentrarnos en el contenido principal y en el trabajo\u00bb, afirm\u00f3. Independientemente del lugar de las negociaciones, Om\u00e1n seguir\u00e1 facilit\u00e1ndolas y mediando en ellas, a\u00f1adi\u00f3 el funcionario. El ministro iran\u00ed de Relaciones Exteriores, Seyed Abbas Araghchi, se reuni\u00f3 el s\u00e1bado con el enviado presidencial especial de Estados Unidos, Steve Witkoff, en la capital de Om\u00e1n, Mascate, para tratar el programa nuclear de Teher\u00e1n, y ambas partes calificaron la reuni\u00f3n de \u00abconstructiva\u00bb. Las conversaciones en Mascate llegan despu\u00e9s de la declaraci\u00f3n del presidente estadounidense, Donald Trump, a principios de marzo en la que asegur\u00f3 que hab\u00eda enviado una carta a los l\u00edderes iran\u00edes, entregada a trav\u00e9s de Emiratos \u00c1rabes Unidos, proponiendo negociaciones sobre el programa nuclear de Ir\u00e1n. Ir\u00e1n acept\u00f3 posteriormente mantener conversaciones indirectas. Ir\u00e1n firm\u00f3 un acuerdo nuclear en julio de 2015 con seis grandes potencias: Reino Unido, China, Francia, Alemania, Rusia y Estados Unidos. En virtud del acuerdo, Teher\u00e1n acept\u00f3 limitar sus actividades nucleares a cambio de un alivio de las sanciones. Sin embargo, Trump retir\u00f3 unilateralmente a su pa\u00eds del acuerdo en mayo de 2018 durante su primer mandato y volvi\u00f3 a imponer sanciones a Ir\u00e1n, lo que llev\u00f3 a Teher\u00e1n a reducir sus compromisos en virtud del acuerdo. Desde entonces, los esfuerzos por reactivar el acuerdo nuclear han avanzado poco. Fin<\/p>\n","protected":false},"excerpt":{"rendered":"<p>TEHER\u00c1N, 17 abr (Xinhua) &#8212; Roma, capital de Italia, ser\u00e1 la sede de la segunda&#8230;<\/p>\n","protected":false},"author":1,"featured_media":0,"comment_status":"open","ping_status":"closed","sticky":false,"template":"","format":"standard","meta":{"footnotes":""},"categories":[2],"tags":[],"class_list":["post-29950","post","type-post","status-publish","format-standard","hentry","category-internacional"],"_links":{"self":[{"href":"https:\/\/viajamagazine.com\/index.php?rest_route=\/wp\/v2\/posts\/29950","targetHints":{"allow":["GET"]}}],"collection":[{"href":"https:\/\/viajamagazine.com\/index.php?rest_route=\/wp\/v2\/posts"}],"about":[{"href":"https:\/\/viajamagazine.com\/index.php?rest_route=\/wp\/v2\/types\/post"}],"author":[{"embeddable":true,"href":"https:\/\/viajamagazine.com\/index.php?rest_route=\/wp\/v2\/users\/1"}],"replies":[{"embeddable":true,"href":"https:\/\/viajamagazine.com\/index.php?rest_route=%2Fwp%2Fv2%2Fcomments&post=29950"}],"version-history":[{"count":1,"href":"https:\/\/viajamagazine.com\/index.php?rest_route=\/wp\/v2\/posts\/29950\/revisions"}],"predecessor-version":[{"id":29951,"href":"https:\/\/viajamagazine.com\/index.php?rest_route=\/wp\/v2\/posts\/29950\/revisions\/29951"}],"wp:attachment":[{"href":"https:\/\/viajamagazine.com\/index.php?rest_route=%2Fwp%2Fv2%2Fmedia&parent=29950"}],"wp:term":[{"taxonomy":"category","embeddable":true,"href":"https:\/\/viajamagazine.com\/index.php?rest_route=%2Fwp%2Fv2%2Fcategories&post=29950"},{"taxonomy":"post_tag","embeddable":true,"href":"https:\/\/viajamagazine.com\/index.php?rest_route=%2Fwp%2Fv2%2Ftags&post=29950"}],"curies":[{"name":"wp","href":"https:\/\/api.w.org\/{rel}","templated":true}]}}