{"id":29948,"date":"2025-04-19T12:17:51","date_gmt":"2025-04-19T18:17:51","guid":{"rendered":"https:\/\/viajamagazine.com\/?p=29948"},"modified":"2025-04-19T18:17:52","modified_gmt":"2025-04-19T18:17:52","slug":"california-a-la-cabeza-de-los-estados-de-ee-uu-que-impugnan-recortes-de-la-administracion-trump-a-la-seguridad-social","status":"publish","type":"post","link":"https:\/\/viajamagazine.com\/?p=29948","title":{"rendered":"California, a la cabeza de los estados de EE. UU. que impugnan recortes de la Administraci\u00f3n Trump a la seguridad social"},"content":{"rendered":"<p>SACRAMENTO, Estados Unidos, 16 abr (Xinhua) &#8212; California, junto con una coalici\u00f3n de otros 21 estados de Estados Unidos, est\u00e1 desafiando los cambios dr\u00e1sticos del Gobierno federal a la Administraci\u00f3n de la Seguridad Social (SSA, por sus siglas en ingl\u00e9s), argumentando que los recortes perjudican a millones de estadounidenses que dependen del programa para obtener ingresos b\u00e1sicos y servicios esenciales. El fiscal general de California, Rob Bonta, junto con otros 21 fiscales generales estatales, present\u00f3 un escrito legal en el caso \u00abAsociaci\u00f3n Estadounidense de Personas con Discapacidad contra Dudek\u00bb, alegando que los abruptos cambios de pol\u00edtica de la Administraci\u00f3n Trump y los recortes de personal en la SSA est\u00e1n causando graves interrupciones y retrasos para las personas que intentan acceder a sus beneficios. La coalici\u00f3n destac\u00f3 que estos cambios afectan especialmente a los adultos mayores y personas con discapacidades, quienes dependen del seguro social para pagar el alquiler, comprar alimentos y adquirir medicamentos. La Administraci\u00f3n Trump orden\u00f3 reducir el personal de la SSA de aproximadamente 57.000 a 50.000 empleados, una disminuci\u00f3n de m\u00e1s del 12 por ciento. Se espera que muchas de estas reducciones se realicen a trav\u00e9s de jubilaciones anticipadas, aunque tambi\u00e9n se prev\u00e9n despidos. Adem\u00e1s, la Administraci\u00f3n tiene previsto cerrar seis de las diez oficinas regionales y consolidar docenas de oficinas locales, trasladando m\u00e1s servicios a Internet o a sistemas telef\u00f3nicos automatizados. Los cr\u00edticos sostienen que estas medidas dificultar\u00e1n la obtenci\u00f3n de la asistencia necesaria. \u00abEstas medidas amenazan a los aproximadamente 6,3 millones de californianos que reciben prestaciones b\u00e1sicas de la seguridad social, m\u00e1s que ning\u00fan otro estado del pa\u00eds\u00bb, afirm\u00f3 el senador por California Alex Padilla en una carta dirigida a la Administraci\u00f3n. \u00abRecortar personal y cerrar oficinas f\u00edsicas pondr\u00e1 en riesgo a los estadounidenses, quienes podr\u00edan perder beneficios ganados justo cuando m\u00e1s los necesitan, adem\u00e1s de impedirles obtener respuestas cuando tengan dudas sobre sus prestaciones\u00bb, agreg\u00f3. Seg\u00fan documentos internos de la SSA y reportes de sindicatos de empleados citados por el diario The New York Times el 9 de abril, estos cambios ya est\u00e1n provocando tiempos de espera m\u00e1s largos, oficinas abarrotadas y confusi\u00f3n entre quienes necesitan asistencia. La seguridad social es un pilar vital para m\u00e1s de 70 millones de estadounidenses, incluidos m\u00e1s de 16 millones de adultos mayores que, sin esos beneficios, vivir\u00edan en la pobreza. Solo en California, alrededor de 6,3 millones de personas reciben beneficios de la seguridad social, la cifra m\u00e1s alta entre todos los estados, seg\u00fan un comunicado de prensa del senador Padilla. Fin<\/p>\n","protected":false},"excerpt":{"rendered":"<p>SACRAMENTO, Estados Unidos, 16 abr (Xinhua) &#8212; California, junto con una coalici\u00f3n de otros 21&#8230;<\/p>\n","protected":false},"author":1,"featured_media":0,"comment_status":"open","ping_status":"closed","sticky":false,"template":"","format":"standard","meta":{"footnotes":""},"categories":[2],"tags":[],"class_list":["post-29948","post","type-post","status-publish","format-standard","hentry","category-internacional"],"_links":{"self":[{"href":"https:\/\/viajamagazine.com\/index.php?rest_route=\/wp\/v2\/posts\/29948","targetHints":{"allow":["GET"]}}],"collection":[{"href":"https:\/\/viajamagazine.com\/index.php?rest_route=\/wp\/v2\/posts"}],"about":[{"href":"https:\/\/viajamagazine.com\/index.php?rest_route=\/wp\/v2\/types\/post"}],"author":[{"embeddable":true,"href":"https:\/\/viajamagazine.com\/index.php?rest_route=\/wp\/v2\/users\/1"}],"replies":[{"embeddable":true,"href":"https:\/\/viajamagazine.com\/index.php?rest_route=%2Fwp%2Fv2%2Fcomments&post=29948"}],"version-history":[{"count":1,"href":"https:\/\/viajamagazine.com\/index.php?rest_route=\/wp\/v2\/posts\/29948\/revisions"}],"predecessor-version":[{"id":29949,"href":"https:\/\/viajamagazine.com\/index.php?rest_route=\/wp\/v2\/posts\/29948\/revisions\/29949"}],"wp:attachment":[{"href":"https:\/\/viajamagazine.com\/index.php?rest_route=%2Fwp%2Fv2%2Fmedia&parent=29948"}],"wp:term":[{"taxonomy":"category","embeddable":true,"href":"https:\/\/viajamagazine.com\/index.php?rest_route=%2Fwp%2Fv2%2Fcategories&post=29948"},{"taxonomy":"post_tag","embeddable":true,"href":"https:\/\/viajamagazine.com\/index.php?rest_route=%2Fwp%2Fv2%2Ftags&post=29948"}],"curies":[{"name":"wp","href":"https:\/\/api.w.org\/{rel}","templated":true}]}}