{"id":29849,"date":"2025-04-17T12:10:19","date_gmt":"2025-04-17T18:10:19","guid":{"rendered":"https:\/\/viajamagazine.com\/?p=29849"},"modified":"2025-04-17T18:10:20","modified_gmt":"2025-04-17T18:10:20","slug":"borrsudan-conflicto-cicr-entrevista","status":"publish","type":"post","link":"https:\/\/viajamagazine.com\/?p=29849","title":{"rendered":"BorrSUDAN-CONFLICTO-CICR-ENTREVISTA"},"content":{"rendered":"<div class=\"el-scrollbar__wrap\">\n<div class=\"el-scrollbar__view\">\n<div class=\"news-content\" data-v-1eda797c=\"\">(250416) &#8212; JARTUM, 16 abril, 2025 (Xinhua) &#8212; Imagen sin fechar de un paciente hablando con una ni\u00f1a dentro de un hospital administrado por el Comit\u00e9 Internacional de la Cruz Roja (CICR), en la ciudad de Atbara, Sud\u00e1n. Mientras el conflicto armado en Sud\u00e1n entra en su tercer a\u00f1o, el CICR describi\u00f3 la situaci\u00f3n en Sud\u00e1n como una \u00abgran crisis de protecci\u00f3n\u00bb, citando violaciones generalizadas del Derecho Internacional Humanitario y riesgos crecientes tanto para los civiles como para los trabajadores humanitarios. (Xinhua\/CICR-Sud\u00e1n) (ah) (ra) (ce)<\/div>\n<\/div>\n<\/div>\n<div class=\"el-scrollbar__bar is-horizontal\"><\/div>\n","protected":false},"excerpt":{"rendered":"<p>(250416) &#8212; JARTUM, 16 abril, 2025 (Xinhua) &#8212; Imagen sin fechar de un paciente hablando&#8230;<\/p>\n","protected":false},"author":1,"featured_media":29851,"comment_status":"open","ping_status":"closed","sticky":false,"template":"","format":"standard","meta":{"footnotes":""},"categories":[2],"tags":[],"class_list":["post-29849","post","type-post","status-publish","format-standard","has-post-thumbnail","hentry","category-internacional"],"_links":{"self":[{"href":"https:\/\/viajamagazine.com\/index.php?rest_route=\/wp\/v2\/posts\/29849","targetHints":{"allow":["GET"]}}],"collection":[{"href":"https:\/\/viajamagazine.com\/index.php?rest_route=\/wp\/v2\/posts"}],"about":[{"href":"https:\/\/viajamagazine.com\/index.php?rest_route=\/wp\/v2\/types\/post"}],"author":[{"embeddable":true,"href":"https:\/\/viajamagazine.com\/index.php?rest_route=\/wp\/v2\/users\/1"}],"replies":[{"embeddable":true,"href":"https:\/\/viajamagazine.com\/index.php?rest_route=%2Fwp%2Fv2%2Fcomments&post=29849"}],"version-history":[{"count":1,"href":"https:\/\/viajamagazine.com\/index.php?rest_route=\/wp\/v2\/posts\/29849\/revisions"}],"predecessor-version":[{"id":29850,"href":"https:\/\/viajamagazine.com\/index.php?rest_route=\/wp\/v2\/posts\/29849\/revisions\/29850"}],"wp:featuredmedia":[{"embeddable":true,"href":"https:\/\/viajamagazine.com\/index.php?rest_route=\/wp\/v2\/media\/29851"}],"wp:attachment":[{"href":"https:\/\/viajamagazine.com\/index.php?rest_route=%2Fwp%2Fv2%2Fmedia&parent=29849"}],"wp:term":[{"taxonomy":"category","embeddable":true,"href":"https:\/\/viajamagazine.com\/index.php?rest_route=%2Fwp%2Fv2%2Fcategories&post=29849"},{"taxonomy":"post_tag","embeddable":true,"href":"https:\/\/viajamagazine.com\/index.php?rest_route=%2Fwp%2Fv2%2Ftags&post=29849"}],"curies":[{"name":"wp","href":"https:\/\/api.w.org\/{rel}","templated":true}]}}