{"id":29840,"date":"2025-04-17T12:09:20","date_gmt":"2025-04-17T18:09:20","guid":{"rendered":"https:\/\/viajamagazine.com\/?p=29840"},"modified":"2025-04-17T18:09:21","modified_gmt":"2025-04-17T18:09:21","slug":"borrpakistan-torkham-refugiados-afganos-regreso","status":"publish","type":"post","link":"https:\/\/viajamagazine.com\/?p=29840","title":{"rendered":"BorrPAKISTAN-TORKHAM-REFUGIADOS AFGANOS-REGRESO"},"content":{"rendered":"<div class=\"el-scrollbar__wrap\">\n<div class=\"el-scrollbar__view\">\n<div class=\"news-content\" data-v-1eda797c=\"\">(250416) &#8212; TORKHAM, 16 abril, 2025 (Xinhua) &#8212; Refugiados afganos descargan sus pertenencias de un cami\u00f3n en el cruce fronterizo de Torkham, en la provincia de Nangarhar, Pakist\u00e1n, el 16 de abril de 2025. Un total de 826 familias afganas con 4.339 integrantes abandonaron Pakist\u00e1n el martes, inform\u00f3 el Alto Comisionado de Afganist\u00e1n para Abordar los Problemas de los Repatriados en un comunicado emitido el mi\u00e9rcoles. De acuerdo con el comunicado, las familias regresaron a sus hogares a trav\u00e9s del cruce fronterizo de Torkham, en la provincia oriental de Nangarhar, y el cruce fronterizo de Spin Boldak, en la provincia sure\u00f1a de Kandahar. En el cruce fronterizo de Torkham, entre Afganist\u00e1n y Pakist\u00e1n, la comisi\u00f3n proporcion\u00f3 refugios temporales, alimentos, agua, atenci\u00f3n m\u00e9dica y servicios de transporte. (Xinhua\/Saeed Ahmad) (jg) (da) (vf)<\/div>\n<\/div>\n<\/div>\n<div class=\"el-scrollbar__bar is-horizontal\"><\/div>\n","protected":false},"excerpt":{"rendered":"<p>(250416) &#8212; TORKHAM, 16 abril, 2025 (Xinhua) &#8212; Refugiados afganos descargan sus pertenencias de un&#8230;<\/p>\n","protected":false},"author":1,"featured_media":29842,"comment_status":"open","ping_status":"closed","sticky":false,"template":"","format":"standard","meta":{"footnotes":""},"categories":[2],"tags":[],"class_list":["post-29840","post","type-post","status-publish","format-standard","has-post-thumbnail","hentry","category-internacional"],"_links":{"self":[{"href":"https:\/\/viajamagazine.com\/index.php?rest_route=\/wp\/v2\/posts\/29840","targetHints":{"allow":["GET"]}}],"collection":[{"href":"https:\/\/viajamagazine.com\/index.php?rest_route=\/wp\/v2\/posts"}],"about":[{"href":"https:\/\/viajamagazine.com\/index.php?rest_route=\/wp\/v2\/types\/post"}],"author":[{"embeddable":true,"href":"https:\/\/viajamagazine.com\/index.php?rest_route=\/wp\/v2\/users\/1"}],"replies":[{"embeddable":true,"href":"https:\/\/viajamagazine.com\/index.php?rest_route=%2Fwp%2Fv2%2Fcomments&post=29840"}],"version-history":[{"count":1,"href":"https:\/\/viajamagazine.com\/index.php?rest_route=\/wp\/v2\/posts\/29840\/revisions"}],"predecessor-version":[{"id":29841,"href":"https:\/\/viajamagazine.com\/index.php?rest_route=\/wp\/v2\/posts\/29840\/revisions\/29841"}],"wp:featuredmedia":[{"embeddable":true,"href":"https:\/\/viajamagazine.com\/index.php?rest_route=\/wp\/v2\/media\/29842"}],"wp:attachment":[{"href":"https:\/\/viajamagazine.com\/index.php?rest_route=%2Fwp%2Fv2%2Fmedia&parent=29840"}],"wp:term":[{"taxonomy":"category","embeddable":true,"href":"https:\/\/viajamagazine.com\/index.php?rest_route=%2Fwp%2Fv2%2Fcategories&post=29840"},{"taxonomy":"post_tag","embeddable":true,"href":"https:\/\/viajamagazine.com\/index.php?rest_route=%2Fwp%2Fv2%2Ftags&post=29840"}],"curies":[{"name":"wp","href":"https:\/\/api.w.org\/{rel}","templated":true}]}}