{"id":29837,"date":"2025-04-17T12:07:27","date_gmt":"2025-04-17T18:07:27","guid":{"rendered":"https:\/\/viajamagazine.com\/?p=29837"},"modified":"2025-04-17T18:07:28","modified_gmt":"2025-04-17T18:07:28","slug":"borronu-dia-del-idioma-chino-experiencia-cultural-inmersiva-celebracion-4","status":"publish","type":"post","link":"https:\/\/viajamagazine.com\/?p=29837","title":{"rendered":"BorrONU-DIA DEL IDIOMA CHINO-EXPERIENCIA CULTURAL INMERSIVA-CELEBRACION"},"content":{"rendered":"<div class=\"el-scrollbar__wrap\">\n<div class=\"el-scrollbar__view\">\n<div class=\"news-content\" data-v-1eda797c=\"\">(250416) &#8212; NACIONES UNIDAS, 16 abril, 2025 (Xinhua) &#8212; Imagen del 15 de abril de 2025 de una representante de la Misi\u00f3n Permanente de Italia ante las Naciones Unidas leyendo el poema \u00abUna ma\u00f1ana de primavera\u00bb durante un evento conmemorativo del 16\u00ba D\u00eda del Idioma Chino de la Organizaci\u00f3n de las Naciones Unidas (ONU) , en la sede de la ONU, en Nueva York. La ONU celebr\u00f3 su 16\u00ba D\u00eda del Idioma Chino el martes en su sede de Nueva York, ofreciendo una experiencia cultural inmersiva que fusion\u00f3 la poes\u00eda y la m\u00fasica chinas. El evento de este a\u00f1o, \u00abChina Po\u00e9tica: Rimas y Romance\u00bb, incluy\u00f3 lecturas de poes\u00eda china, actuaciones musicales y una exposici\u00f3n sobre caracteres chinos. M\u00e1s de 400 diplom\u00e1ticos de la ONU, personal e invitados internacionales asistieron al evento. (Xinhua\/Li Rui) (jg) (da) (ce)<\/div>\n<\/div>\n<\/div>\n<div class=\"el-scrollbar__bar is-horizontal\"><\/div>\n","protected":false},"excerpt":{"rendered":"<p>(250416) &#8212; NACIONES UNIDAS, 16 abril, 2025 (Xinhua) &#8212; Imagen del 15 de abril de&#8230;<\/p>\n","protected":false},"author":1,"featured_media":29839,"comment_status":"open","ping_status":"closed","sticky":false,"template":"","format":"standard","meta":{"footnotes":""},"categories":[2],"tags":[],"class_list":["post-29837","post","type-post","status-publish","format-standard","has-post-thumbnail","hentry","category-internacional"],"_links":{"self":[{"href":"https:\/\/viajamagazine.com\/index.php?rest_route=\/wp\/v2\/posts\/29837","targetHints":{"allow":["GET"]}}],"collection":[{"href":"https:\/\/viajamagazine.com\/index.php?rest_route=\/wp\/v2\/posts"}],"about":[{"href":"https:\/\/viajamagazine.com\/index.php?rest_route=\/wp\/v2\/types\/post"}],"author":[{"embeddable":true,"href":"https:\/\/viajamagazine.com\/index.php?rest_route=\/wp\/v2\/users\/1"}],"replies":[{"embeddable":true,"href":"https:\/\/viajamagazine.com\/index.php?rest_route=%2Fwp%2Fv2%2Fcomments&post=29837"}],"version-history":[{"count":1,"href":"https:\/\/viajamagazine.com\/index.php?rest_route=\/wp\/v2\/posts\/29837\/revisions"}],"predecessor-version":[{"id":29838,"href":"https:\/\/viajamagazine.com\/index.php?rest_route=\/wp\/v2\/posts\/29837\/revisions\/29838"}],"wp:featuredmedia":[{"embeddable":true,"href":"https:\/\/viajamagazine.com\/index.php?rest_route=\/wp\/v2\/media\/29839"}],"wp:attachment":[{"href":"https:\/\/viajamagazine.com\/index.php?rest_route=%2Fwp%2Fv2%2Fmedia&parent=29837"}],"wp:term":[{"taxonomy":"category","embeddable":true,"href":"https:\/\/viajamagazine.com\/index.php?rest_route=%2Fwp%2Fv2%2Fcategories&post=29837"},{"taxonomy":"post_tag","embeddable":true,"href":"https:\/\/viajamagazine.com\/index.php?rest_route=%2Fwp%2Fv2%2Ftags&post=29837"}],"curies":[{"name":"wp","href":"https:\/\/api.w.org\/{rel}","templated":true}]}}