{"id":29828,"date":"2025-04-17T12:05:53","date_gmt":"2025-04-17T18:05:53","guid":{"rendered":"https:\/\/viajamagazine.com\/?p=29828"},"modified":"2025-04-17T18:05:54","modified_gmt":"2025-04-17T18:05:54","slug":"borrchina-beijing-europa-tren-de-carga-2","status":"publish","type":"post","link":"https:\/\/viajamagazine.com\/?p=29828","title":{"rendered":"BorrCHINA-BEIJING-EUROPA-TREN DE CARGA"},"content":{"rendered":"<div class=\"el-scrollbar__wrap\">\n<div class=\"el-scrollbar__view\">\n<div class=\"news-content\" data-v-1eda797c=\"\">(250416) &#8212; BEIJING, 16 abril, 2025 (Xinhua) &#8212; Vista a\u00e9rea tomada con un dron de un tren de carga China-Europa con destino a Mosc\u00fa, Rusia, esperando para partir en un centro log\u00edstico, en Beijing, capital de China, el 16 de abril de 2025. Beijing envi\u00f3 el mi\u00e9rcoles su primer tren de carga China-Europa en 2025. Se estima que el tren cubrir\u00e1 una distancia de unos 9.000 kil\u00f3metros en 16 d\u00edas. (Xinhua\/Zhang Chenlin) (ah) (ra) (vf)<\/div>\n<\/div>\n<\/div>\n<div class=\"el-scrollbar__bar is-horizontal\"><\/div>\n","protected":false},"excerpt":{"rendered":"<p>(250416) &#8212; BEIJING, 16 abril, 2025 (Xinhua) &#8212; Vista a\u00e9rea tomada con un dron de&#8230;<\/p>\n","protected":false},"author":1,"featured_media":29830,"comment_status":"open","ping_status":"closed","sticky":false,"template":"","format":"standard","meta":{"footnotes":""},"categories":[2],"tags":[],"class_list":["post-29828","post","type-post","status-publish","format-standard","has-post-thumbnail","hentry","category-internacional"],"_links":{"self":[{"href":"https:\/\/viajamagazine.com\/index.php?rest_route=\/wp\/v2\/posts\/29828","targetHints":{"allow":["GET"]}}],"collection":[{"href":"https:\/\/viajamagazine.com\/index.php?rest_route=\/wp\/v2\/posts"}],"about":[{"href":"https:\/\/viajamagazine.com\/index.php?rest_route=\/wp\/v2\/types\/post"}],"author":[{"embeddable":true,"href":"https:\/\/viajamagazine.com\/index.php?rest_route=\/wp\/v2\/users\/1"}],"replies":[{"embeddable":true,"href":"https:\/\/viajamagazine.com\/index.php?rest_route=%2Fwp%2Fv2%2Fcomments&post=29828"}],"version-history":[{"count":1,"href":"https:\/\/viajamagazine.com\/index.php?rest_route=\/wp\/v2\/posts\/29828\/revisions"}],"predecessor-version":[{"id":29829,"href":"https:\/\/viajamagazine.com\/index.php?rest_route=\/wp\/v2\/posts\/29828\/revisions\/29829"}],"wp:featuredmedia":[{"embeddable":true,"href":"https:\/\/viajamagazine.com\/index.php?rest_route=\/wp\/v2\/media\/29830"}],"wp:attachment":[{"href":"https:\/\/viajamagazine.com\/index.php?rest_route=%2Fwp%2Fv2%2Fmedia&parent=29828"}],"wp:term":[{"taxonomy":"category","embeddable":true,"href":"https:\/\/viajamagazine.com\/index.php?rest_route=%2Fwp%2Fv2%2Fcategories&post=29828"},{"taxonomy":"post_tag","embeddable":true,"href":"https:\/\/viajamagazine.com\/index.php?rest_route=%2Fwp%2Fv2%2Ftags&post=29828"}],"curies":[{"name":"wp","href":"https:\/\/api.w.org\/{rel}","templated":true}]}}