{"id":29690,"date":"2025-04-14T15:10:02","date_gmt":"2025-04-14T21:10:02","guid":{"rendered":"https:\/\/viajamagazine.com\/?p=29690"},"modified":"2025-04-17T17:44:27","modified_gmt":"2025-04-17T17:44:27","slug":"turquia-antalya-aeropuerto-proyecto-de-expansion-inauguracion","status":"publish","type":"post","link":"https:\/\/viajamagazine.com\/?p=29690","title":{"rendered":"TURQUIA-ANTALYA-AEROPUERTO-PROYECTO DE EXPANSION-INAUGURACION"},"content":{"rendered":"<div class=\"el-scrollbar__wrap\">\n<div class=\"el-scrollbar__view\">\n<div class=\"news-content\" data-v-1eda797c=\"\">(250413) &#8212; ANTALYA, 13 abril, 2025 (Xinhua) &#8212; Imagen del 12 de abril de 2025 del presidente turco, Recep Tayyip Erdogan, hablando durante la ceremonia de inauguraci\u00f3n del reci\u00e9n ampliado aeropuerto de Antalya, en Antalya, Turqu\u00eda. El presidente turco, Recep Tayyip Erdogan, inaugur\u00f3 el reci\u00e9n ampliado aeropuerto de Antalya el s\u00e1bado, anunciando que puede acomodar hasta 82 millones de pasajeros anualmente. (Xinhua\/Mustafa Kaya) (rtg) (da)<\/div>\n<\/div>\n<\/div>\n<div class=\"el-scrollbar__bar is-horizontal\"><\/div>\n","protected":false},"excerpt":{"rendered":"<p>(250413) &#8212; ANTALYA, 13 abril, 2025 (Xinhua) &#8212; Imagen del 12 de abril de 2025&#8230;<\/p>\n","protected":false},"author":1,"featured_media":29692,"comment_status":"open","ping_status":"closed","sticky":false,"template":"","format":"standard","meta":{"footnotes":""},"categories":[2],"tags":[],"class_list":["post-29690","post","type-post","status-publish","format-standard","has-post-thumbnail","hentry","category-internacional"],"_links":{"self":[{"href":"https:\/\/viajamagazine.com\/index.php?rest_route=\/wp\/v2\/posts\/29690","targetHints":{"allow":["GET"]}}],"collection":[{"href":"https:\/\/viajamagazine.com\/index.php?rest_route=\/wp\/v2\/posts"}],"about":[{"href":"https:\/\/viajamagazine.com\/index.php?rest_route=\/wp\/v2\/types\/post"}],"author":[{"embeddable":true,"href":"https:\/\/viajamagazine.com\/index.php?rest_route=\/wp\/v2\/users\/1"}],"replies":[{"embeddable":true,"href":"https:\/\/viajamagazine.com\/index.php?rest_route=%2Fwp%2Fv2%2Fcomments&post=29690"}],"version-history":[{"count":1,"href":"https:\/\/viajamagazine.com\/index.php?rest_route=\/wp\/v2\/posts\/29690\/revisions"}],"predecessor-version":[{"id":29691,"href":"https:\/\/viajamagazine.com\/index.php?rest_route=\/wp\/v2\/posts\/29690\/revisions\/29691"}],"wp:featuredmedia":[{"embeddable":true,"href":"https:\/\/viajamagazine.com\/index.php?rest_route=\/wp\/v2\/media\/29692"}],"wp:attachment":[{"href":"https:\/\/viajamagazine.com\/index.php?rest_route=%2Fwp%2Fv2%2Fmedia&parent=29690"}],"wp:term":[{"taxonomy":"category","embeddable":true,"href":"https:\/\/viajamagazine.com\/index.php?rest_route=%2Fwp%2Fv2%2Fcategories&post=29690"},{"taxonomy":"post_tag","embeddable":true,"href":"https:\/\/viajamagazine.com\/index.php?rest_route=%2Fwp%2Fv2%2Ftags&post=29690"}],"curies":[{"name":"wp","href":"https:\/\/api.w.org\/{rel}","templated":true}]}}