{"id":29678,"date":"2025-04-14T15:00:46","date_gmt":"2025-04-14T21:00:46","guid":{"rendered":"https:\/\/viajamagazine.com\/?p=29678"},"modified":"2025-04-17T17:42:57","modified_gmt":"2025-04-17T17:42:57","slug":"arabia-saudita-riad-cumbre-de-hci-inauguracion-3","status":"publish","type":"post","link":"https:\/\/viajamagazine.com\/?p=29678","title":{"rendered":"ARABIA SAUDITA-RIAD-CUMBRE DE HCI-INAUGURACION"},"content":{"rendered":"<div class=\"el-scrollbar__wrap\">\n<div class=\"el-scrollbar__view\">\n<div class=\"news-content\" data-v-1eda797c=\"\">(250413) &#8212; RIAD, 13 abril, 2025 (Xinhua) &#8212; Yousef Al-Benyan, ministro de Educaci\u00f3n de Arabia Saudita y presidente del Comit\u00e9 Ejecutivo del Programa de Desarrollo de Capacidades Humanas (HCDP, por sus siglas en ingl\u00e9s), hablando en la ceremonia de apertura de la Iniciativa sobre Capacidad Humana (HCI, por sus siglas en ingl\u00e9s) 2025, llevada a cabo, en Riad, Arabia Saudita, el 13 de abril de 2025. La segunda edici\u00f3n de la conferencia HCI se inaugur\u00f3 en Riad el domingo, y reuni\u00f3 a l\u00edderes mundiales, formuladores de pol\u00edticas y expertos para abordar estrategias para mejorar las habilidades humanas y la resiliencia en un mundo que cambia r\u00e1pidamente bajo el tema \u00abM\u00e1s All\u00e1 de la Preparaci\u00f3n\u00bb. (Xinhua\/HCI) (rtg) (da)<\/div>\n<\/div>\n<\/div>\n<div class=\"el-scrollbar__bar is-horizontal\"><\/div>\n","protected":false},"excerpt":{"rendered":"<p>(250413) &#8212; RIAD, 13 abril, 2025 (Xinhua) &#8212; Yousef Al-Benyan, ministro de Educaci\u00f3n de Arabia&#8230;<\/p>\n","protected":false},"author":1,"featured_media":29680,"comment_status":"open","ping_status":"closed","sticky":false,"template":"","format":"standard","meta":{"footnotes":""},"categories":[2],"tags":[],"class_list":["post-29678","post","type-post","status-publish","format-standard","has-post-thumbnail","hentry","category-internacional"],"_links":{"self":[{"href":"https:\/\/viajamagazine.com\/index.php?rest_route=\/wp\/v2\/posts\/29678","targetHints":{"allow":["GET"]}}],"collection":[{"href":"https:\/\/viajamagazine.com\/index.php?rest_route=\/wp\/v2\/posts"}],"about":[{"href":"https:\/\/viajamagazine.com\/index.php?rest_route=\/wp\/v2\/types\/post"}],"author":[{"embeddable":true,"href":"https:\/\/viajamagazine.com\/index.php?rest_route=\/wp\/v2\/users\/1"}],"replies":[{"embeddable":true,"href":"https:\/\/viajamagazine.com\/index.php?rest_route=%2Fwp%2Fv2%2Fcomments&post=29678"}],"version-history":[{"count":1,"href":"https:\/\/viajamagazine.com\/index.php?rest_route=\/wp\/v2\/posts\/29678\/revisions"}],"predecessor-version":[{"id":29679,"href":"https:\/\/viajamagazine.com\/index.php?rest_route=\/wp\/v2\/posts\/29678\/revisions\/29679"}],"wp:featuredmedia":[{"embeddable":true,"href":"https:\/\/viajamagazine.com\/index.php?rest_route=\/wp\/v2\/media\/29680"}],"wp:attachment":[{"href":"https:\/\/viajamagazine.com\/index.php?rest_route=%2Fwp%2Fv2%2Fmedia&parent=29678"}],"wp:term":[{"taxonomy":"category","embeddable":true,"href":"https:\/\/viajamagazine.com\/index.php?rest_route=%2Fwp%2Fv2%2Fcategories&post=29678"},{"taxonomy":"post_tag","embeddable":true,"href":"https:\/\/viajamagazine.com\/index.php?rest_route=%2Fwp%2Fv2%2Ftags&post=29678"}],"curies":[{"name":"wp","href":"https:\/\/api.w.org\/{rel}","templated":true}]}}