{"id":29654,"date":"2025-04-14T14:50:27","date_gmt":"2025-04-14T20:50:27","guid":{"rendered":"https:\/\/viajamagazine.com\/?p=29654"},"modified":"2025-04-17T17:40:20","modified_gmt":"2025-04-17T17:40:20","slug":"arabia-saudita-riad-cumbre-de-hci-inauguracion","status":"publish","type":"post","link":"https:\/\/viajamagazine.com\/?p=29654","title":{"rendered":"ARABIA SAUDITA-RIAD-CUMBRE DE HCI-INAUGURACION"},"content":{"rendered":"<div class=\"el-scrollbar__wrap\">\n<div class=\"el-scrollbar__view\">\n<div class=\"news-content\" data-v-1eda797c=\"\">(250413) &#8212; RIAD, 13 abril, 2025 (Xinhua) &#8212; Imagen del 13 de abril de 2025 de la sesi\u00f3n de inauguraci\u00f3n de la Iniciativa sobre Capacidad Humana (HCI, por sus siglas en ingl\u00e9s) 2025, llevada a cabo, en Riad, Arabia Saudita. La segunda edici\u00f3n de la conferencia HCI se inaugur\u00f3 en Riad el domingo, y reuni\u00f3 a l\u00edderes mundiales, formuladores de pol\u00edticas y expertos para abordar estrategias para mejorar las habilidades humanas y la resiliencia en un mundo que cambia r\u00e1pidamente bajo el tema \u00abM\u00e1s All\u00e1 de la Preparaci\u00f3n\u00bb. (Xinhua\/HCI) (rtg) (da)<\/div>\n<\/div>\n<\/div>\n<div class=\"el-scrollbar__bar is-horizontal\"><\/div>\n","protected":false},"excerpt":{"rendered":"<p>(250413) &#8212; RIAD, 13 abril, 2025 (Xinhua) &#8212; Imagen del 13 de abril de 2025&#8230;<\/p>\n","protected":false},"author":1,"featured_media":29656,"comment_status":"open","ping_status":"closed","sticky":false,"template":"","format":"standard","meta":{"footnotes":""},"categories":[2],"tags":[],"class_list":["post-29654","post","type-post","status-publish","format-standard","has-post-thumbnail","hentry","category-internacional"],"_links":{"self":[{"href":"https:\/\/viajamagazine.com\/index.php?rest_route=\/wp\/v2\/posts\/29654","targetHints":{"allow":["GET"]}}],"collection":[{"href":"https:\/\/viajamagazine.com\/index.php?rest_route=\/wp\/v2\/posts"}],"about":[{"href":"https:\/\/viajamagazine.com\/index.php?rest_route=\/wp\/v2\/types\/post"}],"author":[{"embeddable":true,"href":"https:\/\/viajamagazine.com\/index.php?rest_route=\/wp\/v2\/users\/1"}],"replies":[{"embeddable":true,"href":"https:\/\/viajamagazine.com\/index.php?rest_route=%2Fwp%2Fv2%2Fcomments&post=29654"}],"version-history":[{"count":1,"href":"https:\/\/viajamagazine.com\/index.php?rest_route=\/wp\/v2\/posts\/29654\/revisions"}],"predecessor-version":[{"id":29655,"href":"https:\/\/viajamagazine.com\/index.php?rest_route=\/wp\/v2\/posts\/29654\/revisions\/29655"}],"wp:featuredmedia":[{"embeddable":true,"href":"https:\/\/viajamagazine.com\/index.php?rest_route=\/wp\/v2\/media\/29656"}],"wp:attachment":[{"href":"https:\/\/viajamagazine.com\/index.php?rest_route=%2Fwp%2Fv2%2Fmedia&parent=29654"}],"wp:term":[{"taxonomy":"category","embeddable":true,"href":"https:\/\/viajamagazine.com\/index.php?rest_route=%2Fwp%2Fv2%2Fcategories&post=29654"},{"taxonomy":"post_tag","embeddable":true,"href":"https:\/\/viajamagazine.com\/index.php?rest_route=%2Fwp%2Fv2%2Ftags&post=29654"}],"curies":[{"name":"wp","href":"https:\/\/api.w.org\/{rel}","templated":true}]}}