{"id":29630,"date":"2025-04-17T11:36:18","date_gmt":"2025-04-17T17:36:18","guid":{"rendered":"https:\/\/viajamagazine.com\/?p=29630"},"modified":"2025-04-17T17:36:19","modified_gmt":"2025-04-17T17:36:19","slug":"cuba-habana-china-encuentro-cooperacion","status":"publish","type":"post","link":"https:\/\/viajamagazine.com\/?p=29630","title":{"rendered":"CUBA-HABANA-CHINA-ENCUENTRO-COOPERACION"},"content":{"rendered":"<div class=\"el-scrollbar__wrap\">\n<div class=\"el-scrollbar__view\">\n<div class=\"news-content\" data-v-1eda797c=\"\">(250416) &#8212; LA HABANA, 16 abril, 2025 (Xinhua) &#8212; Imagen del 14 de abril de 2025 del acad\u00e9mico, Zhang Laiming (4-d-atr\u00e1s), subdirector del Centro de Investigaci\u00f3n para el Desarrollo del Consejo de Estado de China, participando en un encuentro en el marco del Seminario sobre la Modernizaci\u00f3n al Estilo Chino, organizado por la Escuela Superior de Cuadros del Estado y del Gobierno de Cuba y la Embajada de China en La Habana, en La Habana, capital de Cuba. Un grupo de directivos de diferentes sectores cubanos dialogaron con especialistas chinos sobre el fortalecimiento de la cooperaci\u00f3n bilateral en la construcci\u00f3n del socialismo moderno, intercambiando experiencias para impulsar el desarrollo conjunto. (Xinhua\/Joaqu\u00edn Hern\u00e1ndez) (jh) (ah) (ra) (ce)<\/div>\n<\/div>\n<\/div>\n<div class=\"el-scrollbar__bar is-horizontal\"><\/div>\n","protected":false},"excerpt":{"rendered":"<p>(250416) &#8212; LA HABANA, 16 abril, 2025 (Xinhua) &#8212; Imagen del 14 de abril de&#8230;<\/p>\n","protected":false},"author":1,"featured_media":29632,"comment_status":"open","ping_status":"closed","sticky":false,"template":"","format":"standard","meta":{"footnotes":""},"categories":[2],"tags":[],"class_list":["post-29630","post","type-post","status-publish","format-standard","has-post-thumbnail","hentry","category-internacional"],"_links":{"self":[{"href":"https:\/\/viajamagazine.com\/index.php?rest_route=\/wp\/v2\/posts\/29630","targetHints":{"allow":["GET"]}}],"collection":[{"href":"https:\/\/viajamagazine.com\/index.php?rest_route=\/wp\/v2\/posts"}],"about":[{"href":"https:\/\/viajamagazine.com\/index.php?rest_route=\/wp\/v2\/types\/post"}],"author":[{"embeddable":true,"href":"https:\/\/viajamagazine.com\/index.php?rest_route=\/wp\/v2\/users\/1"}],"replies":[{"embeddable":true,"href":"https:\/\/viajamagazine.com\/index.php?rest_route=%2Fwp%2Fv2%2Fcomments&post=29630"}],"version-history":[{"count":1,"href":"https:\/\/viajamagazine.com\/index.php?rest_route=\/wp\/v2\/posts\/29630\/revisions"}],"predecessor-version":[{"id":29631,"href":"https:\/\/viajamagazine.com\/index.php?rest_route=\/wp\/v2\/posts\/29630\/revisions\/29631"}],"wp:featuredmedia":[{"embeddable":true,"href":"https:\/\/viajamagazine.com\/index.php?rest_route=\/wp\/v2\/media\/29632"}],"wp:attachment":[{"href":"https:\/\/viajamagazine.com\/index.php?rest_route=%2Fwp%2Fv2%2Fmedia&parent=29630"}],"wp:term":[{"taxonomy":"category","embeddable":true,"href":"https:\/\/viajamagazine.com\/index.php?rest_route=%2Fwp%2Fv2%2Fcategories&post=29630"},{"taxonomy":"post_tag","embeddable":true,"href":"https:\/\/viajamagazine.com\/index.php?rest_route=%2Fwp%2Fv2%2Ftags&post=29630"}],"curies":[{"name":"wp","href":"https:\/\/api.w.org\/{rel}","templated":true}]}}