{"id":29609,"date":"2025-04-17T11:30:42","date_gmt":"2025-04-17T17:30:42","guid":{"rendered":"https:\/\/viajamagazine.com\/?p=29609"},"modified":"2025-04-17T17:30:43","modified_gmt":"2025-04-17T17:30:43","slug":"china-jiuquan-shenzhou-20-preparacion-de-lanzamiento-4","status":"publish","type":"post","link":"https:\/\/viajamagazine.com\/?p=29609","title":{"rendered":"CHINA-JIUQUAN-SHENZHOU-20-PREPARACION DE LANZAMIENTO"},"content":{"rendered":"<div class=\"el-scrollbar__wrap\">\n<div class=\"el-scrollbar__view\">\n<div class=\"news-content\" data-v-1eda797c=\"\">(250416) &#8212; JIUQUAN, 16 abril, 2025 (Xinhua) &#8212; Imagen del 16 de abril de 2025 de la combinaci\u00f3n de la nave espacial tripulada Shenzhou-20 y un cohete portador Gran Marcha-2F prepar\u00e1ndose para ser transferida al \u00e1rea de lanzamiento. La combinaci\u00f3n de la nave espacial tripulada Shenzhou-20 y un cohete portador Gran Marcha-2F ha sido transferida al \u00e1rea de lanzamiento, inform\u00f3 el mi\u00e9rcoles la Agencia de Vuelos Espaciales Tripulados de China (CMSA, por sus siglas en ingl\u00e9s). De acuerdo con la CMSA, todas las instalaciones y los equipos en el sitio de lanzamiento est\u00e1n en buenas condiciones, mientras que varias inspecciones de funcionamiento previas al despegue y las pruebas conjuntas se llevar\u00e1n a cabo seg\u00fan lo planeado. La nave espacial ser\u00e1 lanzada en un momento apropiado en el futuro cercano, anunci\u00f3 la misma fuente. (Xinhua\/Wang Jiangbo) (ah) (ra) (ce)<\/div>\n<\/div>\n<\/div>\n<div class=\"el-scrollbar__bar is-horizontal\"><\/div>\n","protected":false},"excerpt":{"rendered":"<p>(250416) &#8212; JIUQUAN, 16 abril, 2025 (Xinhua) &#8212; Imagen del 16 de abril de 2025&#8230;<\/p>\n","protected":false},"author":1,"featured_media":29611,"comment_status":"open","ping_status":"closed","sticky":false,"template":"","format":"standard","meta":{"footnotes":""},"categories":[2],"tags":[],"class_list":["post-29609","post","type-post","status-publish","format-standard","has-post-thumbnail","hentry","category-internacional"],"_links":{"self":[{"href":"https:\/\/viajamagazine.com\/index.php?rest_route=\/wp\/v2\/posts\/29609","targetHints":{"allow":["GET"]}}],"collection":[{"href":"https:\/\/viajamagazine.com\/index.php?rest_route=\/wp\/v2\/posts"}],"about":[{"href":"https:\/\/viajamagazine.com\/index.php?rest_route=\/wp\/v2\/types\/post"}],"author":[{"embeddable":true,"href":"https:\/\/viajamagazine.com\/index.php?rest_route=\/wp\/v2\/users\/1"}],"replies":[{"embeddable":true,"href":"https:\/\/viajamagazine.com\/index.php?rest_route=%2Fwp%2Fv2%2Fcomments&post=29609"}],"version-history":[{"count":1,"href":"https:\/\/viajamagazine.com\/index.php?rest_route=\/wp\/v2\/posts\/29609\/revisions"}],"predecessor-version":[{"id":29610,"href":"https:\/\/viajamagazine.com\/index.php?rest_route=\/wp\/v2\/posts\/29609\/revisions\/29610"}],"wp:featuredmedia":[{"embeddable":true,"href":"https:\/\/viajamagazine.com\/index.php?rest_route=\/wp\/v2\/media\/29611"}],"wp:attachment":[{"href":"https:\/\/viajamagazine.com\/index.php?rest_route=%2Fwp%2Fv2%2Fmedia&parent=29609"}],"wp:term":[{"taxonomy":"category","embeddable":true,"href":"https:\/\/viajamagazine.com\/index.php?rest_route=%2Fwp%2Fv2%2Fcategories&post=29609"},{"taxonomy":"post_tag","embeddable":true,"href":"https:\/\/viajamagazine.com\/index.php?rest_route=%2Fwp%2Fv2%2Ftags&post=29609"}],"curies":[{"name":"wp","href":"https:\/\/api.w.org\/{rel}","templated":true}]}}