{"id":29573,"date":"2025-04-17T11:26:51","date_gmt":"2025-04-17T17:26:51","guid":{"rendered":"https:\/\/viajamagazine.com\/?p=29573"},"modified":"2025-04-17T17:26:51","modified_gmt":"2025-04-17T17:26:51","slug":"canada-vancouver-futbol-copa-mundial-de-la-fifa-cartel-4","status":"publish","type":"post","link":"https:\/\/viajamagazine.com\/?p=29573","title":{"rendered":"CANADA-VANCOUVER-FUTBOL-COPA MUNDIAL DE LA FIFA-CARTEL"},"content":{"rendered":"<div class=\"el-scrollbar__wrap\">\n<div class=\"el-scrollbar__view\">\n<div class=\"news-content\" data-v-1eda797c=\"\">(250416) &#8212; VANCOUVER, 16 abril, 2025 (Xinhua) &#8212; Imagen del 15 de abril de 2025 de personas caminando frente a una pantalla gigante que exhibe el cartel oficial de la ciudad sede para la Copa Mundial de la FIFA 2026, en el BC Place, en Vancouver, Columbia Brit\u00e1nica, Canad\u00e1. Vancouver present\u00f3 el martes el cartel oficial de ciudad sede para la Copa Mundial de la FIFA 2026, mostrando la integraci\u00f3n de las caracter\u00edsticas locales con el esp\u00edritu del torneo. La Copa Mundial de la FIFA 2026 ser\u00e1 organizada conjuntamente por Canad\u00e1, M\u00e9xico y Estados Unidos. Como una de las ciudades sede de Canad\u00e1, Vancouver albergar\u00e1 siete partidos durante el evento. (Xinhua\/Liang Sen) (jg) (da)<\/div>\n<\/div>\n<\/div>\n<div class=\"el-scrollbar__bar is-horizontal\"><\/div>\n","protected":false},"excerpt":{"rendered":"<p>(250416) &#8212; VANCOUVER, 16 abril, 2025 (Xinhua) &#8212; Imagen del 15 de abril de 2025&#8230;<\/p>\n","protected":false},"author":1,"featured_media":29575,"comment_status":"open","ping_status":"closed","sticky":false,"template":"","format":"standard","meta":{"footnotes":""},"categories":[2],"tags":[],"class_list":["post-29573","post","type-post","status-publish","format-standard","has-post-thumbnail","hentry","category-internacional"],"_links":{"self":[{"href":"https:\/\/viajamagazine.com\/index.php?rest_route=\/wp\/v2\/posts\/29573","targetHints":{"allow":["GET"]}}],"collection":[{"href":"https:\/\/viajamagazine.com\/index.php?rest_route=\/wp\/v2\/posts"}],"about":[{"href":"https:\/\/viajamagazine.com\/index.php?rest_route=\/wp\/v2\/types\/post"}],"author":[{"embeddable":true,"href":"https:\/\/viajamagazine.com\/index.php?rest_route=\/wp\/v2\/users\/1"}],"replies":[{"embeddable":true,"href":"https:\/\/viajamagazine.com\/index.php?rest_route=%2Fwp%2Fv2%2Fcomments&post=29573"}],"version-history":[{"count":1,"href":"https:\/\/viajamagazine.com\/index.php?rest_route=\/wp\/v2\/posts\/29573\/revisions"}],"predecessor-version":[{"id":29574,"href":"https:\/\/viajamagazine.com\/index.php?rest_route=\/wp\/v2\/posts\/29573\/revisions\/29574"}],"wp:featuredmedia":[{"embeddable":true,"href":"https:\/\/viajamagazine.com\/index.php?rest_route=\/wp\/v2\/media\/29575"}],"wp:attachment":[{"href":"https:\/\/viajamagazine.com\/index.php?rest_route=%2Fwp%2Fv2%2Fmedia&parent=29573"}],"wp:term":[{"taxonomy":"category","embeddable":true,"href":"https:\/\/viajamagazine.com\/index.php?rest_route=%2Fwp%2Fv2%2Fcategories&post=29573"},{"taxonomy":"post_tag","embeddable":true,"href":"https:\/\/viajamagazine.com\/index.php?rest_route=%2Fwp%2Fv2%2Ftags&post=29573"}],"curies":[{"name":"wp","href":"https:\/\/api.w.org\/{rel}","templated":true}]}}