{"id":29431,"date":"2025-04-17T11:01:53","date_gmt":"2025-04-17T17:01:53","guid":{"rendered":"https:\/\/viajamagazine.com\/?p=29431"},"modified":"2025-04-17T17:01:54","modified_gmt":"2025-04-17T17:01:54","slug":"gobierno-argentino-avanza-en-cambio-de-metodologia-para-medir-la-inflacion","status":"publish","type":"post","link":"https:\/\/viajamagazine.com\/?p=29431","title":{"rendered":"Gobierno argentino avanza en cambio de metodolog\u00eda para medir la inflaci\u00f3n"},"content":{"rendered":"<p>BUENOS AIRES, 16 abr (Xinhua) &#8212; El jefe de Gabinete de Ministros de Argentina, Guillermo Francos, anunci\u00f3 hoy mi\u00e9rcoles que el Gobierno avanza en la implementaci\u00f3n de una nueva metodolog\u00eda para calcular el \u00cdndice de Precios al Consumidor (IPC). Durante una exposici\u00f3n del informe de gesti\u00f3n en el Congreso, Francos confirm\u00f3 que el Instituto Nacional de Estad\u00edstica y Censos (Indec) concluy\u00f3 el desarrollo t\u00e9cnico necesario para poner en marcha el nuevo sistema de medici\u00f3n inflacionaria. \u00abEl Ministerio de Econom\u00eda informa que el Indec finaliz\u00f3 en el mes de marzo de 2025 todos los desarrollos t\u00e9cnicos y metodol\u00f3gicos del nuevo IPC, as\u00ed como tambi\u00e9n las consultas y testeos t\u00e9cnicos del nuevo \u00edndice para su implementaci\u00f3n\u00bb, expres\u00f3. Se tratar\u00eda de la primera modificaci\u00f3n desde que el organismo retom\u00f3 la publicaci\u00f3n de estad\u00edsticas en la gesti\u00f3n del expresidente Mauricio Macri (2015-2019). Seg\u00fan Francos, el nuevo \u00edndice a\u00fan no fue lanzado porque se encuentra en etapa de revisi\u00f3n institucional y se prev\u00e9 una campa\u00f1a informativa previa a su difusi\u00f3n oficial. Desde el Indec informaron que a\u00fan no hay una fecha definida para la publicaci\u00f3n del nuevo \u00edndice y que la definici\u00f3n depender\u00e1 de la coordinaci\u00f3n con el Poder Ejecutivo. \u00abEl organismo contin\u00faa realizando los an\u00e1lisis t\u00e9cnicos en torno a la estabilidad de los precios para asegurar el cumplimiento de las recomendaciones internacionales y garantizar que las modificaciones no se introduzcan en per\u00edodos at\u00edpicos\u00bb, agreg\u00f3 el jefe de Gabinete ministerial. De acuerdo con medios de prensa argentinos, el nuevo \u00edndice actualizar\u00eda la estructura de ponderaci\u00f3n de bienes y servicios que integran la canasta de consumo, con base en datos m\u00e1s recientes que reflejen mejor los h\u00e1bitos actuales de los hogares argentinos. La nueva metodolog\u00eda utilizar\u00eda como referencia la Encuesta Nacional de Gastos de los Hogares de los a\u00f1os 2017 y 2018, dejando atr\u00e1s el esquema vigente que a\u00fan responde a patrones de consumo relevados en el a\u00f1o 2004. Fin<\/p>\n","protected":false},"excerpt":{"rendered":"<p>BUENOS AIRES, 16 abr (Xinhua) &#8212; El jefe de Gabinete de Ministros de Argentina, Guillermo&#8230;<\/p>\n","protected":false},"author":1,"featured_media":0,"comment_status":"open","ping_status":"closed","sticky":false,"template":"","format":"standard","meta":{"footnotes":""},"categories":[2],"tags":[],"class_list":["post-29431","post","type-post","status-publish","format-standard","hentry","category-internacional"],"_links":{"self":[{"href":"https:\/\/viajamagazine.com\/index.php?rest_route=\/wp\/v2\/posts\/29431","targetHints":{"allow":["GET"]}}],"collection":[{"href":"https:\/\/viajamagazine.com\/index.php?rest_route=\/wp\/v2\/posts"}],"about":[{"href":"https:\/\/viajamagazine.com\/index.php?rest_route=\/wp\/v2\/types\/post"}],"author":[{"embeddable":true,"href":"https:\/\/viajamagazine.com\/index.php?rest_route=\/wp\/v2\/users\/1"}],"replies":[{"embeddable":true,"href":"https:\/\/viajamagazine.com\/index.php?rest_route=%2Fwp%2Fv2%2Fcomments&post=29431"}],"version-history":[{"count":1,"href":"https:\/\/viajamagazine.com\/index.php?rest_route=\/wp\/v2\/posts\/29431\/revisions"}],"predecessor-version":[{"id":29432,"href":"https:\/\/viajamagazine.com\/index.php?rest_route=\/wp\/v2\/posts\/29431\/revisions\/29432"}],"wp:attachment":[{"href":"https:\/\/viajamagazine.com\/index.php?rest_route=%2Fwp%2Fv2%2Fmedia&parent=29431"}],"wp:term":[{"taxonomy":"category","embeddable":true,"href":"https:\/\/viajamagazine.com\/index.php?rest_route=%2Fwp%2Fv2%2Fcategories&post=29431"},{"taxonomy":"post_tag","embeddable":true,"href":"https:\/\/viajamagazine.com\/index.php?rest_route=%2Fwp%2Fv2%2Ftags&post=29431"}],"curies":[{"name":"wp","href":"https:\/\/api.w.org\/{rel}","templated":true}]}}