{"id":29180,"date":"2025-04-17T08:53:57","date_gmt":"2025-04-17T14:53:57","guid":{"rendered":"https:\/\/viajamagazine.com\/?p=29180"},"modified":"2025-04-17T14:53:57","modified_gmt":"2025-04-17T14:53:57","slug":"singapur-parlamento-elecciones-generales","status":"publish","type":"post","link":"https:\/\/viajamagazine.com\/?p=29180","title":{"rendered":"SINGAPUR-PARLAMENTO-ELECCIONES GENERALES"},"content":{"rendered":"<div class=\"el-scrollbar__wrap\">\n<div class=\"el-scrollbar__view\">\n<div class=\"news-content\" data-v-1eda797c=\"\">(250415) &#8212; SINGAPUR, 15 abril, 2025 (Xinhua) &#8212; Imagen del 15 de abril de 2025 de la fachada del edificio del Parlamento de Singapur. Singapur celebrar\u00e1 sus pr\u00f3ximas elecciones generales el 3 de mayo, informaron el martes medios locales. El presidente singapurense, Tharman Shanmugaratnam, disolvi\u00f3 el martes el Parlamento, dando inicio oficial al proceso electoral. El d\u00eda de la nominaci\u00f3n ser\u00e1 el 23 de abril, seg\u00fan un comunicado de la Oficina del Primer Ministro emitido a primera hora del martes. El primer ministro Lawrence Wong liderar\u00e1 al gobernante Partido de Acci\u00f3n Popular en la contienda. (Xinhua\/Then Chih Wey) (oa) (ah) (ce)<\/div>\n<\/div>\n<\/div>\n<div class=\"el-scrollbar__bar is-horizontal\"><\/div>\n","protected":false},"excerpt":{"rendered":"<p>(250415) &#8212; SINGAPUR, 15 abril, 2025 (Xinhua) &#8212; Imagen del 15 de abril de 2025&#8230;<\/p>\n","protected":false},"author":1,"featured_media":29182,"comment_status":"open","ping_status":"closed","sticky":false,"template":"","format":"standard","meta":{"footnotes":""},"categories":[2],"tags":[],"class_list":["post-29180","post","type-post","status-publish","format-standard","has-post-thumbnail","hentry","category-internacional"],"_links":{"self":[{"href":"https:\/\/viajamagazine.com\/index.php?rest_route=\/wp\/v2\/posts\/29180","targetHints":{"allow":["GET"]}}],"collection":[{"href":"https:\/\/viajamagazine.com\/index.php?rest_route=\/wp\/v2\/posts"}],"about":[{"href":"https:\/\/viajamagazine.com\/index.php?rest_route=\/wp\/v2\/types\/post"}],"author":[{"embeddable":true,"href":"https:\/\/viajamagazine.com\/index.php?rest_route=\/wp\/v2\/users\/1"}],"replies":[{"embeddable":true,"href":"https:\/\/viajamagazine.com\/index.php?rest_route=%2Fwp%2Fv2%2Fcomments&post=29180"}],"version-history":[{"count":1,"href":"https:\/\/viajamagazine.com\/index.php?rest_route=\/wp\/v2\/posts\/29180\/revisions"}],"predecessor-version":[{"id":29181,"href":"https:\/\/viajamagazine.com\/index.php?rest_route=\/wp\/v2\/posts\/29180\/revisions\/29181"}],"wp:featuredmedia":[{"embeddable":true,"href":"https:\/\/viajamagazine.com\/index.php?rest_route=\/wp\/v2\/media\/29182"}],"wp:attachment":[{"href":"https:\/\/viajamagazine.com\/index.php?rest_route=%2Fwp%2Fv2%2Fmedia&parent=29180"}],"wp:term":[{"taxonomy":"category","embeddable":true,"href":"https:\/\/viajamagazine.com\/index.php?rest_route=%2Fwp%2Fv2%2Fcategories&post=29180"},{"taxonomy":"post_tag","embeddable":true,"href":"https:\/\/viajamagazine.com\/index.php?rest_route=%2Fwp%2Fv2%2Ftags&post=29180"}],"curies":[{"name":"wp","href":"https:\/\/api.w.org\/{rel}","templated":true}]}}