{"id":29156,"date":"2025-04-17T08:47:31","date_gmt":"2025-04-17T14:47:31","guid":{"rendered":"https:\/\/viajamagazine.com\/?p=29156"},"modified":"2025-04-17T14:47:32","modified_gmt":"2025-04-17T14:47:32","slug":"canada-richmond-ipc-marzo-aumento","status":"publish","type":"post","link":"https:\/\/viajamagazine.com\/?p=29156","title":{"rendered":"CANADA-RICHMOND-IPC-MARZO-AUMENTO"},"content":{"rendered":"<div class=\"el-scrollbar__wrap\">\n<div class=\"el-scrollbar__view\">\n<div class=\"news-content\" data-v-1eda797c=\"\">(250415) &#8212; RICHMOND, 15 abril, 2025 (Xinhua) &#8212; Pasajeros se registran para vuelos a Estados Unidos en el Aeropuerto Internacional de Vancouver, en Richmond, Columbia Brit\u00e1nica, Canad\u00e1, el 15 de abril de 2025. El Indice de Precios al Consumidor (IPC) de Canad\u00e1 aument\u00f3 un 2,3 por ciento interanual en marzo, tras un incremento del 2,6 por ciento en febrero, inform\u00f3 Statistics Canada el martes. La desaceleraci\u00f3n interanual del IPC de todos los art\u00edculos se debi\u00f3 a la reducci\u00f3n los precios de los viajes tur\u00edsticos y la gasolina en marzo, inform\u00f3 la agencia nacional de estad\u00edstica. (Xinhua\/Liang Sen) (jg) (ra) (ce)<\/div>\n<\/div>\n<\/div>\n<div class=\"el-scrollbar__bar is-horizontal\"><\/div>\n","protected":false},"excerpt":{"rendered":"<p>(250415) &#8212; RICHMOND, 15 abril, 2025 (Xinhua) &#8212; Pasajeros se registran para vuelos a Estados&#8230;<\/p>\n","protected":false},"author":1,"featured_media":29158,"comment_status":"open","ping_status":"closed","sticky":false,"template":"","format":"standard","meta":{"footnotes":""},"categories":[2],"tags":[],"class_list":["post-29156","post","type-post","status-publish","format-standard","has-post-thumbnail","hentry","category-internacional"],"_links":{"self":[{"href":"https:\/\/viajamagazine.com\/index.php?rest_route=\/wp\/v2\/posts\/29156","targetHints":{"allow":["GET"]}}],"collection":[{"href":"https:\/\/viajamagazine.com\/index.php?rest_route=\/wp\/v2\/posts"}],"about":[{"href":"https:\/\/viajamagazine.com\/index.php?rest_route=\/wp\/v2\/types\/post"}],"author":[{"embeddable":true,"href":"https:\/\/viajamagazine.com\/index.php?rest_route=\/wp\/v2\/users\/1"}],"replies":[{"embeddable":true,"href":"https:\/\/viajamagazine.com\/index.php?rest_route=%2Fwp%2Fv2%2Fcomments&post=29156"}],"version-history":[{"count":1,"href":"https:\/\/viajamagazine.com\/index.php?rest_route=\/wp\/v2\/posts\/29156\/revisions"}],"predecessor-version":[{"id":29157,"href":"https:\/\/viajamagazine.com\/index.php?rest_route=\/wp\/v2\/posts\/29156\/revisions\/29157"}],"wp:featuredmedia":[{"embeddable":true,"href":"https:\/\/viajamagazine.com\/index.php?rest_route=\/wp\/v2\/media\/29158"}],"wp:attachment":[{"href":"https:\/\/viajamagazine.com\/index.php?rest_route=%2Fwp%2Fv2%2Fmedia&parent=29156"}],"wp:term":[{"taxonomy":"category","embeddable":true,"href":"https:\/\/viajamagazine.com\/index.php?rest_route=%2Fwp%2Fv2%2Fcategories&post=29156"},{"taxonomy":"post_tag","embeddable":true,"href":"https:\/\/viajamagazine.com\/index.php?rest_route=%2Fwp%2Fv2%2Ftags&post=29156"}],"curies":[{"name":"wp","href":"https:\/\/api.w.org\/{rel}","templated":true}]}}