{"id":28955,"date":"2025-04-16T22:56:50","date_gmt":"2025-04-17T04:56:50","guid":{"rendered":"https:\/\/viajamagazine.com\/?p=28955"},"modified":"2025-04-17T04:56:51","modified_gmt":"2025-04-17T04:56:51","slug":"borradchina-beijing-li-qiang-gira-de-investigacion-2","status":"publish","type":"post","link":"https:\/\/viajamagazine.com\/?p=28955","title":{"rendered":"BorradCHINA-BEIJING-LI QIANG-GIRA DE INVESTIGACION"},"content":{"rendered":"<div class=\"el-scrollbar__wrap\">\n<div class=\"el-scrollbar__view\">\n<div class=\"news-content\" data-v-1eda797c=\"\">(250415) &#8212; BEIJING, 15 abril, 2025 (Xinhua) &#8212; El primer ministro chino, Li Qiang, tambi\u00e9n miembro del Comit\u00e9 Permanente del Bur\u00f3 Pol\u00edtico del Comit\u00e9 Central del Partido Comunista de China, inspecciona un sitio de un proyecto de bienes ra\u00edces y se entera de los esfuerzos locales para convertir el inventario de vivienda en apartamentos para albergar el talento, en Beijing, capital de China, el 15 de abril de 2025. Li realiz\u00f3 una gira de investigaci\u00f3n en Beijing el martes. (Xinhua\/Rao Aimin) (jg) (ra) (ce)<\/div>\n<\/div>\n<\/div>\n<div class=\"el-scrollbar__bar is-horizontal\"><\/div>\n","protected":false},"excerpt":{"rendered":"<p>(250415) &#8212; BEIJING, 15 abril, 2025 (Xinhua) &#8212; El primer ministro chino, Li Qiang, tambi\u00e9n&#8230;<\/p>\n","protected":false},"author":1,"featured_media":28957,"comment_status":"open","ping_status":"closed","sticky":false,"template":"","format":"standard","meta":{"footnotes":""},"categories":[2],"tags":[],"class_list":["post-28955","post","type-post","status-publish","format-standard","has-post-thumbnail","hentry","category-internacional"],"_links":{"self":[{"href":"https:\/\/viajamagazine.com\/index.php?rest_route=\/wp\/v2\/posts\/28955","targetHints":{"allow":["GET"]}}],"collection":[{"href":"https:\/\/viajamagazine.com\/index.php?rest_route=\/wp\/v2\/posts"}],"about":[{"href":"https:\/\/viajamagazine.com\/index.php?rest_route=\/wp\/v2\/types\/post"}],"author":[{"embeddable":true,"href":"https:\/\/viajamagazine.com\/index.php?rest_route=\/wp\/v2\/users\/1"}],"replies":[{"embeddable":true,"href":"https:\/\/viajamagazine.com\/index.php?rest_route=%2Fwp%2Fv2%2Fcomments&post=28955"}],"version-history":[{"count":1,"href":"https:\/\/viajamagazine.com\/index.php?rest_route=\/wp\/v2\/posts\/28955\/revisions"}],"predecessor-version":[{"id":28956,"href":"https:\/\/viajamagazine.com\/index.php?rest_route=\/wp\/v2\/posts\/28955\/revisions\/28956"}],"wp:featuredmedia":[{"embeddable":true,"href":"https:\/\/viajamagazine.com\/index.php?rest_route=\/wp\/v2\/media\/28957"}],"wp:attachment":[{"href":"https:\/\/viajamagazine.com\/index.php?rest_route=%2Fwp%2Fv2%2Fmedia&parent=28955"}],"wp:term":[{"taxonomy":"category","embeddable":true,"href":"https:\/\/viajamagazine.com\/index.php?rest_route=%2Fwp%2Fv2%2Fcategories&post=28955"},{"taxonomy":"post_tag","embeddable":true,"href":"https:\/\/viajamagazine.com\/index.php?rest_route=%2Fwp%2Fv2%2Ftags&post=28955"}],"curies":[{"name":"wp","href":"https:\/\/api.w.org\/{rel}","templated":true}]}}