{"id":28590,"date":"2025-04-16T21:44:09","date_gmt":"2025-04-17T03:44:09","guid":{"rendered":"https:\/\/viajamagazine.com\/?p=28590"},"modified":"2025-04-17T03:44:10","modified_gmt":"2025-04-17T03:44:10","slug":"vietnam-hanoi-china-xi-jinping-to-lam-conversaciones","status":"publish","type":"post","link":"https:\/\/viajamagazine.com\/?p=28590","title":{"rendered":"VIETNAM-HANOI-CHINA-XI JINPING-TO LAM-CONVERSACIONES"},"content":{"rendered":"<div class=\"el-scrollbar__wrap\">\n<div class=\"el-scrollbar__view\">\n<div class=\"news-content\" data-v-1eda797c=\"\">(250414) &#8212; HANOI, 14 abril, 2025 (Xinhua) &#8212; To Lam, secretario general del Comit\u00e9 Central del Partido Comunista de Vietnam (PCV), invita a Xi Jinping, secretario general del Comit\u00e9 Central del Partido Comunista de China y presidente chino, a una peque\u00f1a charla tomando el t\u00e9 previo a sus conversaciones en la sede del Comit\u00e9 Central del PCV, en Hanoi, Vietnam, el 14 de abril de 2025. (Xinhua\/Li Xueren) (rtg) (ah) (ce)<\/div>\n<\/div>\n<\/div>\n<div class=\"el-scrollbar__bar is-horizontal\"><\/div>\n","protected":false},"excerpt":{"rendered":"<p>(250414) &#8212; HANOI, 14 abril, 2025 (Xinhua) &#8212; To Lam, secretario general del Comit\u00e9 Central&#8230;<\/p>\n","protected":false},"author":1,"featured_media":28592,"comment_status":"open","ping_status":"closed","sticky":false,"template":"","format":"standard","meta":{"footnotes":""},"categories":[2],"tags":[],"class_list":["post-28590","post","type-post","status-publish","format-standard","has-post-thumbnail","hentry","category-internacional"],"_links":{"self":[{"href":"https:\/\/viajamagazine.com\/index.php?rest_route=\/wp\/v2\/posts\/28590","targetHints":{"allow":["GET"]}}],"collection":[{"href":"https:\/\/viajamagazine.com\/index.php?rest_route=\/wp\/v2\/posts"}],"about":[{"href":"https:\/\/viajamagazine.com\/index.php?rest_route=\/wp\/v2\/types\/post"}],"author":[{"embeddable":true,"href":"https:\/\/viajamagazine.com\/index.php?rest_route=\/wp\/v2\/users\/1"}],"replies":[{"embeddable":true,"href":"https:\/\/viajamagazine.com\/index.php?rest_route=%2Fwp%2Fv2%2Fcomments&post=28590"}],"version-history":[{"count":1,"href":"https:\/\/viajamagazine.com\/index.php?rest_route=\/wp\/v2\/posts\/28590\/revisions"}],"predecessor-version":[{"id":28591,"href":"https:\/\/viajamagazine.com\/index.php?rest_route=\/wp\/v2\/posts\/28590\/revisions\/28591"}],"wp:featuredmedia":[{"embeddable":true,"href":"https:\/\/viajamagazine.com\/index.php?rest_route=\/wp\/v2\/media\/28592"}],"wp:attachment":[{"href":"https:\/\/viajamagazine.com\/index.php?rest_route=%2Fwp%2Fv2%2Fmedia&parent=28590"}],"wp:term":[{"taxonomy":"category","embeddable":true,"href":"https:\/\/viajamagazine.com\/index.php?rest_route=%2Fwp%2Fv2%2Fcategories&post=28590"},{"taxonomy":"post_tag","embeddable":true,"href":"https:\/\/viajamagazine.com\/index.php?rest_route=%2Fwp%2Fv2%2Ftags&post=28590"}],"curies":[{"name":"wp","href":"https:\/\/api.w.org\/{rel}","templated":true}]}}