{"id":28587,"date":"2025-04-16T21:43:54","date_gmt":"2025-04-17T03:43:54","guid":{"rendered":"https:\/\/viajamagazine.com\/?p=28587"},"modified":"2025-04-17T03:43:55","modified_gmt":"2025-04-17T03:43:55","slug":"cuba-habana-ballet-clasico-encuentro-5","status":"publish","type":"post","link":"https:\/\/viajamagazine.com\/?p=28587","title":{"rendered":"CUBA-HABANA-BALLET CLASICO-ENCUENTRO"},"content":{"rendered":"<div class=\"el-scrollbar__wrap\">\n<div class=\"el-scrollbar__view\">\n<div class=\"news-content\" data-v-1eda797c=\"\">(250413) &#8212; LA HABANA, 13 abril, 2025 (Xinhua) &#8212; Imagen del 12 de abril de 2025 de bailarinas de ballet cl\u00e1sico participando en un desfile art\u00edstico por la Avenida del Prado para inaugurar el XXX Encuentro Internacional de Academias para la Ense\u00f1anza del Ballet, en La Habana, capital de Cuba. Varias decenas de bailarines de ballet cl\u00e1sico recorrieron calles de la zona antigua de La Habana para dejar inaugurado el XXX Encuentro Internacional de Academias para la Ense\u00f1anza del Ballet que se realiza del 11 al 20 de abril. (Xinhua\/Joaqu\u00edn Hern\u00e1ndez) (jh) (rtg) (da)<\/div>\n<\/div>\n<\/div>\n<div class=\"el-scrollbar__bar is-horizontal\"><\/div>\n","protected":false},"excerpt":{"rendered":"<p>(250413) &#8212; LA HABANA, 13 abril, 2025 (Xinhua) &#8212; Imagen del 12 de abril de&#8230;<\/p>\n","protected":false},"author":1,"featured_media":28589,"comment_status":"open","ping_status":"closed","sticky":false,"template":"","format":"standard","meta":{"footnotes":""},"categories":[2],"tags":[],"class_list":["post-28587","post","type-post","status-publish","format-standard","has-post-thumbnail","hentry","category-internacional"],"_links":{"self":[{"href":"https:\/\/viajamagazine.com\/index.php?rest_route=\/wp\/v2\/posts\/28587","targetHints":{"allow":["GET"]}}],"collection":[{"href":"https:\/\/viajamagazine.com\/index.php?rest_route=\/wp\/v2\/posts"}],"about":[{"href":"https:\/\/viajamagazine.com\/index.php?rest_route=\/wp\/v2\/types\/post"}],"author":[{"embeddable":true,"href":"https:\/\/viajamagazine.com\/index.php?rest_route=\/wp\/v2\/users\/1"}],"replies":[{"embeddable":true,"href":"https:\/\/viajamagazine.com\/index.php?rest_route=%2Fwp%2Fv2%2Fcomments&post=28587"}],"version-history":[{"count":1,"href":"https:\/\/viajamagazine.com\/index.php?rest_route=\/wp\/v2\/posts\/28587\/revisions"}],"predecessor-version":[{"id":28588,"href":"https:\/\/viajamagazine.com\/index.php?rest_route=\/wp\/v2\/posts\/28587\/revisions\/28588"}],"wp:featuredmedia":[{"embeddable":true,"href":"https:\/\/viajamagazine.com\/index.php?rest_route=\/wp\/v2\/media\/28589"}],"wp:attachment":[{"href":"https:\/\/viajamagazine.com\/index.php?rest_route=%2Fwp%2Fv2%2Fmedia&parent=28587"}],"wp:term":[{"taxonomy":"category","embeddable":true,"href":"https:\/\/viajamagazine.com\/index.php?rest_route=%2Fwp%2Fv2%2Fcategories&post=28587"},{"taxonomy":"post_tag","embeddable":true,"href":"https:\/\/viajamagazine.com\/index.php?rest_route=%2Fwp%2Fv2%2Ftags&post=28587"}],"curies":[{"name":"wp","href":"https:\/\/api.w.org\/{rel}","templated":true}]}}