{"id":28578,"date":"2025-04-16T21:42:46","date_gmt":"2025-04-17T03:42:46","guid":{"rendered":"https:\/\/viajamagazine.com\/?p=28578"},"modified":"2025-04-17T03:42:47","modified_gmt":"2025-04-17T03:42:47","slug":"vietnam-hanoi-china-xi-jinping-pham-minh-chinh-reunion-2","status":"publish","type":"post","link":"https:\/\/viajamagazine.com\/?p=28578","title":{"rendered":"VIETNAM-HANOI-CHINA-XI JINPING-PHAM MINH CHINH-REUNION"},"content":{"rendered":"<div class=\"el-scrollbar__wrap\">\n<div class=\"el-scrollbar__view\">\n<div class=\"news-content\" data-v-1eda797c=\"\">(250414) &#8212; HANOI, 14 abril, 2025 (Xinhua) &#8212; Xi Jinping, secretario general del Comit\u00e9 Central del Partido Comunista de China y presidente chino, se re\u00fane con el primer ministro vietnamita, Pham Minh Chinh, en la sede del Comit\u00e9 Central del Partido Comunista de Vietnam, en Hanoi, Vietnam, el 14 de abril de 2025. (Xinhua\/Xie Huanchi) (rtg) (ah) (ce)<\/div>\n<\/div>\n<\/div>\n<div class=\"el-scrollbar__bar is-horizontal\"><\/div>\n","protected":false},"excerpt":{"rendered":"<p>(250414) &#8212; HANOI, 14 abril, 2025 (Xinhua) &#8212; Xi Jinping, secretario general del Comit\u00e9 Central&#8230;<\/p>\n","protected":false},"author":1,"featured_media":28580,"comment_status":"open","ping_status":"closed","sticky":false,"template":"","format":"standard","meta":{"footnotes":""},"categories":[2],"tags":[],"class_list":["post-28578","post","type-post","status-publish","format-standard","has-post-thumbnail","hentry","category-internacional"],"_links":{"self":[{"href":"https:\/\/viajamagazine.com\/index.php?rest_route=\/wp\/v2\/posts\/28578","targetHints":{"allow":["GET"]}}],"collection":[{"href":"https:\/\/viajamagazine.com\/index.php?rest_route=\/wp\/v2\/posts"}],"about":[{"href":"https:\/\/viajamagazine.com\/index.php?rest_route=\/wp\/v2\/types\/post"}],"author":[{"embeddable":true,"href":"https:\/\/viajamagazine.com\/index.php?rest_route=\/wp\/v2\/users\/1"}],"replies":[{"embeddable":true,"href":"https:\/\/viajamagazine.com\/index.php?rest_route=%2Fwp%2Fv2%2Fcomments&post=28578"}],"version-history":[{"count":1,"href":"https:\/\/viajamagazine.com\/index.php?rest_route=\/wp\/v2\/posts\/28578\/revisions"}],"predecessor-version":[{"id":28579,"href":"https:\/\/viajamagazine.com\/index.php?rest_route=\/wp\/v2\/posts\/28578\/revisions\/28579"}],"wp:featuredmedia":[{"embeddable":true,"href":"https:\/\/viajamagazine.com\/index.php?rest_route=\/wp\/v2\/media\/28580"}],"wp:attachment":[{"href":"https:\/\/viajamagazine.com\/index.php?rest_route=%2Fwp%2Fv2%2Fmedia&parent=28578"}],"wp:term":[{"taxonomy":"category","embeddable":true,"href":"https:\/\/viajamagazine.com\/index.php?rest_route=%2Fwp%2Fv2%2Fcategories&post=28578"},{"taxonomy":"post_tag","embeddable":true,"href":"https:\/\/viajamagazine.com\/index.php?rest_route=%2Fwp%2Fv2%2Ftags&post=28578"}],"curies":[{"name":"wp","href":"https:\/\/api.w.org\/{rel}","templated":true}]}}