{"id":28525,"date":"2025-04-16T20:48:52","date_gmt":"2025-04-17T02:48:52","guid":{"rendered":"https:\/\/viajamagazine.com\/?p=28525"},"modified":"2025-04-17T02:48:53","modified_gmt":"2025-04-17T02:48:53","slug":"vietnam-hanoi-to-lam-china-xi-jinping-ceremonia-de-bienvenida-2","status":"publish","type":"post","link":"https:\/\/viajamagazine.com\/?p=28525","title":{"rendered":"VIETNAM-HANOI-TO LAM-CHINA-XI JINPING-CEREMONIA DE BIENVENIDA"},"content":{"rendered":"<div class=\"el-scrollbar__wrap\">\n<div class=\"el-scrollbar__view\">\n<div class=\"news-content\" data-v-1eda797c=\"\">(250414) &#8212; HANOI, 14 abril, 2025 (Xinhua) &#8212; Xi Jinping, secretario general del Comit\u00e9 Central del Partido Comunista de China y presidente chino, y To Lam, secretario general del Comit\u00e9 Central del Partido Comunista de Vietnam (PCV), saludan a la multitud despu\u00e9s de una gran ceremonia de bienvenida mientras caminan a la sede del Comit\u00e9 Central del PCV para sus conversaciones, en Hanoi, Vietnam, el 14 de abril de 2025. Xi lleg\u00f3 a Hanoi en lunes para realizar una visita de Estado a Vietnam. (Xinhua\/Zhang Ling) (rtg) (ah) (ce)<\/div>\n<\/div>\n<\/div>\n<div class=\"el-scrollbar__bar is-horizontal\"><\/div>\n","protected":false},"excerpt":{"rendered":"<p>(250414) &#8212; HANOI, 14 abril, 2025 (Xinhua) &#8212; Xi Jinping, secretario general del Comit\u00e9 Central&#8230;<\/p>\n","protected":false},"author":1,"featured_media":28527,"comment_status":"open","ping_status":"closed","sticky":false,"template":"","format":"standard","meta":{"footnotes":""},"categories":[2],"tags":[],"class_list":["post-28525","post","type-post","status-publish","format-standard","has-post-thumbnail","hentry","category-internacional"],"_links":{"self":[{"href":"https:\/\/viajamagazine.com\/index.php?rest_route=\/wp\/v2\/posts\/28525","targetHints":{"allow":["GET"]}}],"collection":[{"href":"https:\/\/viajamagazine.com\/index.php?rest_route=\/wp\/v2\/posts"}],"about":[{"href":"https:\/\/viajamagazine.com\/index.php?rest_route=\/wp\/v2\/types\/post"}],"author":[{"embeddable":true,"href":"https:\/\/viajamagazine.com\/index.php?rest_route=\/wp\/v2\/users\/1"}],"replies":[{"embeddable":true,"href":"https:\/\/viajamagazine.com\/index.php?rest_route=%2Fwp%2Fv2%2Fcomments&post=28525"}],"version-history":[{"count":1,"href":"https:\/\/viajamagazine.com\/index.php?rest_route=\/wp\/v2\/posts\/28525\/revisions"}],"predecessor-version":[{"id":28526,"href":"https:\/\/viajamagazine.com\/index.php?rest_route=\/wp\/v2\/posts\/28525\/revisions\/28526"}],"wp:featuredmedia":[{"embeddable":true,"href":"https:\/\/viajamagazine.com\/index.php?rest_route=\/wp\/v2\/media\/28527"}],"wp:attachment":[{"href":"https:\/\/viajamagazine.com\/index.php?rest_route=%2Fwp%2Fv2%2Fmedia&parent=28525"}],"wp:term":[{"taxonomy":"category","embeddable":true,"href":"https:\/\/viajamagazine.com\/index.php?rest_route=%2Fwp%2Fv2%2Fcategories&post=28525"},{"taxonomy":"post_tag","embeddable":true,"href":"https:\/\/viajamagazine.com\/index.php?rest_route=%2Fwp%2Fv2%2Ftags&post=28525"}],"curies":[{"name":"wp","href":"https:\/\/api.w.org\/{rel}","templated":true}]}}