{"id":28343,"date":"2025-04-16T19:59:43","date_gmt":"2025-04-17T01:59:43","guid":{"rendered":"https:\/\/viajamagazine.com\/?p=28343"},"modified":"2025-04-17T01:59:43","modified_gmt":"2025-04-17T01:59:43","slug":"alba-tcp-respalda-solicitud-de-revision-del-proceso-electoral-ecuatoriano","status":"publish","type":"post","link":"https:\/\/viajamagazine.com\/?p=28343","title":{"rendered":"ALBA-TCP respalda solicitud de revisi\u00f3n del proceso electoral ecuatoriano"},"content":{"rendered":"<div class=\"el-scrollbar__wrap\">\n<div class=\"el-scrollbar__view\">\n<div class=\"news-content\" data-v-1eda797c=\"\">CARACAS, 13 abr (Xinhua) &#8212; La Secretar\u00eda Ejecutiva del ALBA-TCP expres\u00f3 esta noche su respaldo a revisar con rigor la segunda vuelta presidencial celebrada en Ecuador, por considerar que el proceso se desarroll\u00f3 en condiciones irregulares, comprometiendo la transparencia y voluntad del pueblo ecuatoriano. Mediante un comunicado fechado este domingo en Caracas, el bloque regional conden\u00f3 que las elecciones se realizaran bajo un \u00abtendencioso e ins\u00f3lito decreto de estado de excepci\u00f3n\u00bb, aplicado en provincias con fuerte arraigo popular. A su juicio, estas medidas generaron un clima de amedrentamiento y favorecieron abiertamente al candidato oficialista, Daniel Noboa. En ese contexto, el ALBA-TCP denunci\u00f3 la posibilidad de un \u00abfraude electoral premeditado\u00bb y reafirm\u00f3 su confianza en la vocaci\u00f3n democr\u00e1tica del pueblo ecuatoriano, al que inst\u00f3 a defender su soberan\u00eda mediante mecanismos pac\u00edficos e institucionales. \u00abLa revisi\u00f3n debe incluir una auditor\u00eda integral de todos los procedimientos y medidas, as\u00ed como el correspondiente y transparente reconteo de los votos emitidos\u00bb, subray\u00f3 la Secretar\u00eda Ejecutiva del organismo. Seg\u00fan el comunicado, tales acciones son indispensables para garantizar la paz y el respeto pleno a la voluntad popular en la Rep\u00fablica del Ecuador. El pronunciamiento fue emitido en momentos de creciente tensi\u00f3n pol\u00edtica en Ecuador tras los cuestionamientos al proceso electoral por parte de la candidata presidencial Luisa Gonz\u00e1lez. De acuerdo con los primeros resultados oficiales difundidos por el Consejo Nacional Electoral (CNE), el presidente de Ecuador, Daniel Noboa, fue reelegido este domingo en segunda vuelta para un nuevo mandato de cuatro a\u00f1os. Por su parte, la candidata opositora Luisa Gonz\u00e1lez afirm\u00f3 que no reconoce la victoria electoral de Noboa y pidi\u00f3 el reconteo, durante un discurso pronunciado el mismo d\u00eda al norte de Quito, cuartel general de campa\u00f1a de su movimiento pol\u00edtico Revoluci\u00f3n Ciudadana (RC). El ALBA-TCP est\u00e1 integrada por Venezuela, Cuba, Bolivia, Nicaragua, Dominica, Granada, Santa Luc\u00eda, Antigua y Barbuda, San Vicente y las Granadinas, y San Crist\u00f3bal y Nieves. Fin<\/div>\n<\/div>\n<\/div>\n<div class=\"el-scrollbar__bar is-horizontal\"><\/div>\n","protected":false},"excerpt":{"rendered":"<p>CARACAS, 13 abr (Xinhua) &#8212; La Secretar\u00eda Ejecutiva del ALBA-TCP expres\u00f3 esta noche su respaldo&#8230;<\/p>\n","protected":false},"author":1,"featured_media":0,"comment_status":"open","ping_status":"closed","sticky":false,"template":"","format":"standard","meta":{"footnotes":""},"categories":[2],"tags":[],"class_list":["post-28343","post","type-post","status-publish","format-standard","hentry","category-internacional"],"_links":{"self":[{"href":"https:\/\/viajamagazine.com\/index.php?rest_route=\/wp\/v2\/posts\/28343","targetHints":{"allow":["GET"]}}],"collection":[{"href":"https:\/\/viajamagazine.com\/index.php?rest_route=\/wp\/v2\/posts"}],"about":[{"href":"https:\/\/viajamagazine.com\/index.php?rest_route=\/wp\/v2\/types\/post"}],"author":[{"embeddable":true,"href":"https:\/\/viajamagazine.com\/index.php?rest_route=\/wp\/v2\/users\/1"}],"replies":[{"embeddable":true,"href":"https:\/\/viajamagazine.com\/index.php?rest_route=%2Fwp%2Fv2%2Fcomments&post=28343"}],"version-history":[{"count":1,"href":"https:\/\/viajamagazine.com\/index.php?rest_route=\/wp\/v2\/posts\/28343\/revisions"}],"predecessor-version":[{"id":28344,"href":"https:\/\/viajamagazine.com\/index.php?rest_route=\/wp\/v2\/posts\/28343\/revisions\/28344"}],"wp:attachment":[{"href":"https:\/\/viajamagazine.com\/index.php?rest_route=%2Fwp%2Fv2%2Fmedia&parent=28343"}],"wp:term":[{"taxonomy":"category","embeddable":true,"href":"https:\/\/viajamagazine.com\/index.php?rest_route=%2Fwp%2Fv2%2Fcategories&post=28343"},{"taxonomy":"post_tag","embeddable":true,"href":"https:\/\/viajamagazine.com\/index.php?rest_route=%2Fwp%2Fv2%2Ftags&post=28343"}],"curies":[{"name":"wp","href":"https:\/\/api.w.org\/{rel}","templated":true}]}}