{"id":28328,"date":"2025-04-16T19:56:22","date_gmt":"2025-04-17T01:56:22","guid":{"rendered":"https:\/\/viajamagazine.com\/?p=28328"},"modified":"2025-04-17T01:56:23","modified_gmt":"2025-04-17T01:56:23","slug":"cifra-de-muertos-por-ataque-ruso-contra-ciudad-ucraniana-de-sumy-asciende-a-34","status":"publish","type":"post","link":"https:\/\/viajamagazine.com\/?p=28328","title":{"rendered":"Cifra de muertos por ataque ruso contra ciudad ucraniana de Sumy asciende a 34"},"content":{"rendered":"<div class=\"el-scrollbar__wrap\">\n<div class=\"el-scrollbar__view\">\n<div class=\"news-content\" data-v-1eda797c=\"\">KIEV, 14 abr (Xinhua) &#8212; La cifra de muertos por un ataque ruso con misiles bal\u00edsticos sobre la ciudad nororiental ucraniana de Sumy ha aumentado a 34, con 117 personas heridas, seg\u00fan un comunicado del Servicio Estatal de Emergencias de Ucrania. Hab\u00eda dos ni\u00f1os entre los fallecidos, adem\u00e1s de otros 15 heridos en el ataque, precis\u00f3. Seg\u00fan el gobernador de la regi\u00f3n de Sumy, Volodymyr Artyukh, la mayor\u00eda de las muertes se produjeron al ser golpeado un troleb\u00fas. El ataque tambi\u00e9n provoc\u00f3 da\u00f1os a la universidad local y edificios de apartamentos cercanos. Kyrylo Budanov, jefe del Directorio Principal de Inteligencia del Ministerio de Defensa ucraniano, se\u00f1al\u00f3 que fuerzas rusas lanzaron a Sumy dos misiles bal\u00edsticos Iskander-M\/KN-23, el domingo por la ma\u00f1ana, desde las regiones rusas de Kursk y Voronezh. Fin<\/div>\n<\/div>\n<\/div>\n<div class=\"el-scrollbar__bar is-horizontal\"><\/div>\n","protected":false},"excerpt":{"rendered":"<p>KIEV, 14 abr (Xinhua) &#8212; La cifra de muertos por un ataque ruso con misiles&#8230;<\/p>\n","protected":false},"author":1,"featured_media":0,"comment_status":"open","ping_status":"closed","sticky":false,"template":"","format":"standard","meta":{"footnotes":""},"categories":[2],"tags":[],"class_list":["post-28328","post","type-post","status-publish","format-standard","hentry","category-internacional"],"_links":{"self":[{"href":"https:\/\/viajamagazine.com\/index.php?rest_route=\/wp\/v2\/posts\/28328","targetHints":{"allow":["GET"]}}],"collection":[{"href":"https:\/\/viajamagazine.com\/index.php?rest_route=\/wp\/v2\/posts"}],"about":[{"href":"https:\/\/viajamagazine.com\/index.php?rest_route=\/wp\/v2\/types\/post"}],"author":[{"embeddable":true,"href":"https:\/\/viajamagazine.com\/index.php?rest_route=\/wp\/v2\/users\/1"}],"replies":[{"embeddable":true,"href":"https:\/\/viajamagazine.com\/index.php?rest_route=%2Fwp%2Fv2%2Fcomments&post=28328"}],"version-history":[{"count":1,"href":"https:\/\/viajamagazine.com\/index.php?rest_route=\/wp\/v2\/posts\/28328\/revisions"}],"predecessor-version":[{"id":28329,"href":"https:\/\/viajamagazine.com\/index.php?rest_route=\/wp\/v2\/posts\/28328\/revisions\/28329"}],"wp:attachment":[{"href":"https:\/\/viajamagazine.com\/index.php?rest_route=%2Fwp%2Fv2%2Fmedia&parent=28328"}],"wp:term":[{"taxonomy":"category","embeddable":true,"href":"https:\/\/viajamagazine.com\/index.php?rest_route=%2Fwp%2Fv2%2Fcategories&post=28328"},{"taxonomy":"post_tag","embeddable":true,"href":"https:\/\/viajamagazine.com\/index.php?rest_route=%2Fwp%2Fv2%2Ftags&post=28328"}],"curies":[{"name":"wp","href":"https:\/\/api.w.org\/{rel}","templated":true}]}}