{"id":28323,"date":"2025-04-16T19:54:36","date_gmt":"2025-04-17T01:54:36","guid":{"rendered":"https:\/\/viajamagazine.com\/?p=28323"},"modified":"2025-04-17T01:54:36","modified_gmt":"2025-04-17T01:54:36","slug":"argentina-felicita-a-noboa-por-triunfo-electoral-en-ecuador","status":"publish","type":"post","link":"https:\/\/viajamagazine.com\/?p=28323","title":{"rendered":"Argentina felicita a Noboa por triunfo electoral en Ecuador"},"content":{"rendered":"<div class=\"el-scrollbar__wrap\">\n<div class=\"el-scrollbar__view\">\n<div class=\"news-content\" data-v-1eda797c=\"\">BUENOS AIRES, 13 abr (Xinhua) &#8212; Argentina felicit\u00f3 hoy domingo al presidente Daniel Noboa por su victoria en las elecciones presidenciales de Ecuador, y al pueblo ecuatoriano por su compromiso con la democracia y las instituciones republicanas. \u00abArgentina reafirma su voluntad de seguir fortaleciendo la relaci\u00f3n bilateral sobre la base de valores compartidos como la libertad, el estado de Derecho y la defensa de los derechos fundamentales\u00bb, dijo la Canciller\u00eda de Argentina este domingo a trav\u00e9s de un comunicado. Asimismo, expres\u00f3 su \u00abdisposici\u00f3n a cooperar en los desaf\u00edos comunes de la regi\u00f3n, en particular en la lucha contra el crimen organizado, el narcotr\u00e1fico y el terrorismo\u00bb. El Gobierno argentino dese\u00f3 a Noboa \u00abel mayor de los \u00e9xitos en esta nueva etapa de su gesti\u00f3n\u00bb. Noboa fue reelegido en la segunda vuelta electoral celebrada este domingo para un mandato de cuatro a\u00f1os con el 92,64 por ciento de las actas escrutadas, seg\u00fan los primeros resultados oficiales difundidos por el Consejo Nacional Electoral (CNE). Fin<\/div>\n<\/div>\n<\/div>\n<div class=\"el-scrollbar__bar is-horizontal\"><\/div>\n","protected":false},"excerpt":{"rendered":"<p>BUENOS AIRES, 13 abr (Xinhua) &#8212; Argentina felicit\u00f3 hoy domingo al presidente Daniel Noboa por&#8230;<\/p>\n","protected":false},"author":1,"featured_media":28325,"comment_status":"open","ping_status":"closed","sticky":false,"template":"","format":"standard","meta":{"footnotes":""},"categories":[2],"tags":[],"class_list":["post-28323","post","type-post","status-publish","format-standard","has-post-thumbnail","hentry","category-internacional"],"_links":{"self":[{"href":"https:\/\/viajamagazine.com\/index.php?rest_route=\/wp\/v2\/posts\/28323","targetHints":{"allow":["GET"]}}],"collection":[{"href":"https:\/\/viajamagazine.com\/index.php?rest_route=\/wp\/v2\/posts"}],"about":[{"href":"https:\/\/viajamagazine.com\/index.php?rest_route=\/wp\/v2\/types\/post"}],"author":[{"embeddable":true,"href":"https:\/\/viajamagazine.com\/index.php?rest_route=\/wp\/v2\/users\/1"}],"replies":[{"embeddable":true,"href":"https:\/\/viajamagazine.com\/index.php?rest_route=%2Fwp%2Fv2%2Fcomments&post=28323"}],"version-history":[{"count":1,"href":"https:\/\/viajamagazine.com\/index.php?rest_route=\/wp\/v2\/posts\/28323\/revisions"}],"predecessor-version":[{"id":28324,"href":"https:\/\/viajamagazine.com\/index.php?rest_route=\/wp\/v2\/posts\/28323\/revisions\/28324"}],"wp:featuredmedia":[{"embeddable":true,"href":"https:\/\/viajamagazine.com\/index.php?rest_route=\/wp\/v2\/media\/28325"}],"wp:attachment":[{"href":"https:\/\/viajamagazine.com\/index.php?rest_route=%2Fwp%2Fv2%2Fmedia&parent=28323"}],"wp:term":[{"taxonomy":"category","embeddable":true,"href":"https:\/\/viajamagazine.com\/index.php?rest_route=%2Fwp%2Fv2%2Fcategories&post=28323"},{"taxonomy":"post_tag","embeddable":true,"href":"https:\/\/viajamagazine.com\/index.php?rest_route=%2Fwp%2Fv2%2Ftags&post=28323"}],"curies":[{"name":"wp","href":"https:\/\/api.w.org\/{rel}","templated":true}]}}